{"id":98667,"date":"2025-05-14T06:21:09","date_gmt":"2025-05-14T06:21:09","guid":{"rendered":"https:\/\/www.europesays.com\/fr\/98667\/"},"modified":"2025-05-14T06:21:09","modified_gmt":"2025-05-14T06:21:09","slug":"comparer-gaza-et-auschwitz-ce-que-revele-la-nazification-obsessionnelle-disrael","status":"publish","type":"post","link":"https:\/\/www.europesays.com\/fr\/98667\/","title":{"rendered":"\u00abComparer Gaza et Auschwitz, ce que r\u00e9v\u00e8le la nazification obsessionnelle d\u2019Isra\u00ebl\u00bb"},"content":{"rendered":"<p><strong>ANALYSE &#8211;<\/strong> Le d\u00e9rapage de Thierry Ardisson sur le service public n\u2019est que le \u00e9ni\u00e8me sympt\u00f4me d\u2019une nazification d\u2019Isra\u00ebl qui impr\u00e8gne le d\u00e9bat public et vise \u00e0 chasser toute nuance.<\/p>\n<p class=\"fig-paragraph\">Sur le plateau de l\u2019\u00e9mission \u00ab\u00a0Quelle \u00e9poque\u00a0!\u00a0\u00bb, ce week-end,\u00a0<a href=\"http:\/\/tvmag.lefigaro.fr\/programme-tv\/actu-tele\/quelle-epoque-la-production-reagit-apres-les-propos-de-thierry-ardisson-20250512\" target=\"_blank\" data-fig-type=\"Article\" rel=\"noopener\" data-gtm-custom-categorie=\"navigation\" data-gtm-custom-action=\"crossclick\" data-gtm-custom-label=\"Contextuel\" data-gtm-event=\"customEventSPE\" data-fig-domain=\"TVMAG\">Thierry Ardisson s\u2019est laiss\u00e9 aller \u00e0 une regrettable outrance<\/a>. Alors que la discussion portait sur la situation terrible dans la bande de Gaza, l\u2019ancien pr\u00e9sentateur vedette s\u2019est exclam\u00e9\u00a0: \u00ab\u00a0C\u2019est Auschwitz, voil\u00e0, c\u2019est tout ce qu\u2019il y a \u00e0 dire.\u00a0\u00bb Cette comparaison, qui assimile le gouvernement isra\u00e9lien aux responsables nazis ayant men\u00e9 la solution finale,\u00a0<a href=\"http:\/\/tvmag.lefigaro.fr\/programme-tv\/actu-tele\/l-emotion-etait-sans-doute-trop-forte-thierry-ardisson-fait-son-mea-culpa-apres-avoir-compare-gaza-a-auschwitz-20250511\" target=\"_blank\" data-fig-type=\"Article\" rel=\"noopener\" data-gtm-custom-categorie=\"navigation\" data-gtm-custom-action=\"crossclick\" data-gtm-custom-label=\"Contextuel\" data-gtm-event=\"customEventSPE\" data-fig-domain=\"TVMAG\">a l\u00e9gitimement choqu\u00e9<\/a>. Notons que l\u2019Arcom n\u2019a pas r\u00e9agi\u2026 La m\u00eame Arcom avait pourtant mis en demeure CNews apr\u00e8s qu\u2019un intervenant eut compar\u00e9 la politique du Covid \u00e0 celle men\u00e9e\u00a0<a href=\"https:\/\/www.lefigaro.fr\/histoire\/2018\/04\/18\/26001-20180418ARTFIG00278-il-y-a-75-ans-le-soulevement-du-ghetto-de-varsovie.php\" target=\"_blank\" data-fig-type=\"Article\" rel=\"noopener\" data-gtm-custom-categorie=\"navigation\" data-gtm-custom-action=\"crossclick\" data-gtm-custom-label=\"Contextuel\" data-gtm-event=\"customEventSPE\" data-fig-domain=\"LEFIGARO\">dans le ghetto de Varsovie<\/a>.<\/p>\n<p class=\"fig-paragraph\">Le point de Godwin est donc \u00e0 g\u00e9om\u00e9trie variable pour les vigilants de l\u2019audiovisuel. Il faut dire aussi que Thierry Ardisson s\u2019est excus\u00e9 pour ce propos exag\u00e9r\u00e9. L\u2019Insoumis Aymeric Caron le lui a d\u2019ailleurs aussit\u00f4t reproch\u00e9, \u00e9voquant \u00ab\u00a0le maccarthysme n\u00e9osioniste\u00a0\u00bb qui l\u2019aurait pouss\u00e9 \u00e0 changer d\u2019avis.\u00a0<a href=\"http:\/\/www.lefigaro.fr\/actualite-france\/pour-aurore-berge-les-propos-de-thierry-ardisson-comparant-gaza-a-auschwitz-nourrissent-l-antisemitisme-20250513\" target=\"_blank\" data-fig-type=\"NewsFlash\" rel=\"noopener\" data-gtm-custom-categorie=\"navigation\" data-gtm-custom-action=\"crossclick\" data-gtm-custom-label=\"Contextuel\" data-gtm-event=\"customEventSPE\" data-fig-domain=\"LEFIGARO\">Accuser Thierry Ardisson d\u2019antis\u00e9mitisme\u2026<\/a><\/p>\n<p class=\"fig-premium-paywall__infos\">\n        Cet article est r\u00e9serv\u00e9 aux abonn\u00e9s.        Il vous reste 82% \u00e0 d\u00e9couvrir.\n    <\/p>\n<p>                <img  data- alt=\"Le Figaro\" class=\"fig-img--complete fig-img\"\/><\/p>\n<p class=\"fig-premium-paywall__title\">Je m&rsquo;informe, je m&rsquo;inspire, je m&rsquo;abonne.<\/p>\n<p class=\"fig-premium-paywall__subtitle\">D\u00e9couvrez notre offre de bienvenue.<\/p>\n<p class=\"fig-premium-paywall__connect\">\n                D\u00e9j\u00e0 abonn\u00e9\u00a0?                <a class=\"fig-premium-paywall__connect-link\" href=\"https:\/\/connect.lefigaro.fr\/login?client=horizon_web&amp;type=main&amp;redirect_uri=https%3A%2F%2Fwww.lefigaro.fr%2Fvox%2Fsociete%2Feugenie-bastie-comparer-gaza-et-auschwitz-ce-que-revele-la-nazification-obsessionnelle-d-israel-20250513\" data-js-gtm=\"{&quot;customCategorie&quot;: &quot;conversion&quot;, &quot;customAction&quot;: &quot;before_Landing_Connexion_paywall_auto&quot;, &quot;customLabel&quot;: &quot;bGVmaWdhcm8uZnJfXzFmMDJmZGY1LTNmMWEtNmJjYy04OTdmLTI3YzNjZWE2MWYwNl9fQXJ0aWNsZQ==_Eug\u00e9nie Basti\u00e9: \u00abComparer Gaza et Auschwitz, ce que r\u00e9v\u00e8le la nazification obsessionnelle d\u2019Isra\u00ebl\u00bb_348&quot;, &quot;customIDSPE&quot;: &quot;bGVmaWdhcm8uZnJfXzFmMDJmZGY1LTNmMWEtNmJjYy04OTdmLTI3YzNjZWE2MWYwNl9fQXJ0aWNsZQ==&quot;, &quot;event&quot;: &quot;customEventSPE&quot;}\" target=\"_blank\" rel=\"noopener\"><br \/>\n                    Connectez-vous<br \/>\n                <\/a>\n            <\/p>\n","protected":false},"excerpt":{"rendered":"ANALYSE &#8211; Le d\u00e9rapage de Thierry Ardisson sur le service public n\u2019est que le \u00e9ni\u00e8me sympt\u00f4me d\u2019une nazification&hellip;\n","protected":false},"author":2,"featured_media":98668,"comment_status":"","ping_status":"","sticky":false,"template":"","format":"standard","meta":{"footnotes":""},"categories":[1356],"tags":[1428,1292,5361,5360,58,59,1429,1011,27,665,664,1427,1426,104,252,10058,1364],"class_list":{"0":"post-98667","1":"post","2":"type-post","3":"status-publish","4":"format-standard","5":"has-post-thumbnail","7":"category-television","8":"tag-chroniqueurs","9":"tag-debat","10":"tag-debat-societe","11":"tag-debats-societaux","12":"tag-divertissement","13":"tag-entertainment","14":"tag-figarovox","15":"tag-fr","16":"tag-france","17":"tag-gaza","18":"tag-israel","19":"tag-opinions","20":"tag-questions","21":"tag-societe","22":"tag-television","23":"tag-thierry-ardisson","24":"tag-tv"},"share_on_mastodon":{"url":"https:\/\/pubeurope.com\/@fr\/114504747231990505","error":""},"_links":{"self":[{"href":"https:\/\/www.europesays.com\/fr\/wp-json\/wp\/v2\/posts\/98667","targetHints":{"allow":["GET"]}}],"collection":[{"href":"https:\/\/www.europesays.com\/fr\/wp-json\/wp\/v2\/posts"}],"about":[{"href":"https:\/\/www.europesays.com\/fr\/wp-json\/wp\/v2\/types\/post"}],"author":[{"embeddable":true,"href":"https:\/\/www.europesays.com\/fr\/wp-json\/wp\/v2\/users\/2"}],"replies":[{"embeddable":true,"href":"https:\/\/www.europesays.com\/fr\/wp-json\/wp\/v2\/comments?post=98667"}],"version-history":[{"count":0,"href":"https:\/\/www.europesays.com\/fr\/wp-json\/wp\/v2\/posts\/98667\/revisions"}],"wp:featuredmedia":[{"embeddable":true,"href":"https:\/\/www.europesays.com\/fr\/wp-json\/wp\/v2\/media\/98668"}],"wp:attachment":[{"href":"https:\/\/www.europesays.com\/fr\/wp-json\/wp\/v2\/media?parent=98667"}],"wp:term":[{"taxonomy":"category","embeddable":true,"href":"https:\/\/www.europesays.com\/fr\/wp-json\/wp\/v2\/categories?post=98667"},{"taxonomy":"post_tag","embeddable":true,"href":"https:\/\/www.europesays.com\/fr\/wp-json\/wp\/v2\/tags?post=98667"}],"curies":[{"name":"wp","href":"https:\/\/api.w.org\/{rel}","templated":true}]}}