{"id":98675,"date":"2025-05-14T06:26:08","date_gmt":"2025-05-14T06:26:08","guid":{"rendered":"https:\/\/www.europesays.com\/fr\/98675\/"},"modified":"2025-05-14T06:26:08","modified_gmt":"2025-05-14T06:26:08","slug":"muriel-robin-30-ans-dalcoolisme","status":"publish","type":"post","link":"https:\/\/www.europesays.com\/fr\/98675\/","title":{"rendered":"Muriel Robin : 30 ans d\u2019alcoolisme"},"content":{"rendered":"<p>Parler comme \u00e9crire ont souvent \u00e9t\u00e9 des exutoires. Parler et\/ou \u00e9crire, c&rsquo;est <strong>une mani\u00e8re de se lib\u00e9rer d&rsquo;un poids<\/strong> mais aussi de dire aux autres : \u00ab\u00a0Vous n&rsquo;\u00eates pas seul\u00a0\u00bb. C&rsquo;est dans cette optique que le 6 mai dernier, M6 a propos\u00e9 <strong>un documentaire sur la sant\u00e9 mentale<\/strong>.  <a href=\"https:\/\/www.google.com\/url?sa=t&amp;source=web&amp;rct=j&amp;opi=89978449&amp;url=https:\/\/vsd.fr\/76333-elsa-bois-et-florent-manaudou-le-gros-ras-le-bol-de-jean-marc-genereux\/&amp;ved=2ahUKEwipoLbvwKGNAxWMU6QEHRG8DpoQFnoECBgQAQ&amp;usg=AOvVaw3p4VD2nynp8sZ8hQkTjfgt\" target=\"_blank\" rel=\"noopener\">Florent Manaudou<\/a>, Eric Antoine ou encore Mich\u00e8le Bernier sont venues t\u00e9moigner face cam\u00e9ra pour d\u00e9voiler le mal qui les a rong\u00e9 par le pass\u00e9 : une d\u00e9pression, un burn-out, etc.  Une semaine plus tard, c&rsquo;est France 5 qui s&rsquo;est aussi pench\u00e9 sur <strong>un mal qui ronge notre soci\u00e9t\u00e9 : l&rsquo;alcoolisme<\/strong>.<\/p>\n<p>SI <strong>Muriel Robin en rirait volontiers <\/strong>dans son sketch intitul\u00e9 Le Barbecue en 1999, derri\u00e8re se cachait <strong>une autre r\u00e9alit\u00e9 bien moins dr\u00f4le<\/strong>. En effet, \u00e0 l&rsquo;occasion de ce reportage intitul\u00e9<strong> \u00ab\u00a0Alcool au f\u00e9minin, elles brisent le tabou\u00a0\u00bb<\/strong>, des anonymes ont accept\u00e9 de t\u00e9moigner mais aussi des c\u00e9l\u00e9brit\u00e9s et c&rsquo;est le cas de <a href=\"https:\/\/www.public.fr\/muriel-robin-apres-la-polemique-lol-qui-rit-sort-matt-pokora-monte-au-creneau\" target=\"_blank\" rel=\"noopener\">l&rsquo;humoriste<\/a> qui f\u00eatera ses 70 ans cette ann\u00e9e. Mais alors, comment est-elle tomb\u00e9e dans cette engrenage ? Face \u00e0 Marina Carr\u00e8re-d&rsquo;Encausse, elle raconte : \u00ab\u00a0J<strong>&lsquo;avais 12 ans, mon p\u00e8re m&rsquo;a fait go\u00fbter une bouteille de Sancerre <\/strong>et on a bu la bouteille tous les deux [&#8230;] D&#8217;embl\u00e9e, <strong>\u00e7a ne m&rsquo;a pas d\u00e9plu<\/strong>\u00ab\u00a0.<\/p>\n<p><strong>\u00c0 15 ans<\/strong> alors, <a href=\"https:\/\/www.public.fr\/lalcool-au-feminin-muriel-robin-son-courageux-temoignage-pour-briser-le-tabou\" target=\"_blank\" rel=\"noopener\">la compagne d&rsquo;Anne Le Nen<\/a> raconte qu&rsquo;elle buvait beaucoup de vin, que c&rsquo;\u00e9tait devenu \u00ab\u00a0<strong>normal<\/strong>\u00a0\u00bb jusqu&rsquo;au jour o\u00f9 elle s&rsquo;est rendu compte qu&rsquo;en se levant le matin, elle se disait : \u00ab\u00a0<strong>Vivement ce soir, quand m\u00eame, qu&rsquo;on boive un verre<\/strong>\u00ab\u00a0. Elle pr\u00e9cise aussi les quantit\u00e9s qu&rsquo;elle ingurgitait : \u00ab\u00a0Quand j&rsquo;\u00e9tais dehors, je buvais <strong>un litre de champagne minimum<\/strong> [&#8230;] Je pouvais ouvrir une bouteille chez moi seule\u00a0\u00bb. Pour <a href=\"https:\/\/www.public.fr\/muriel-robin-quitte-lol-qui-rit-sort-vexee-avant-elle-cet-acteur-du-splendid-a-lui-aussi-craque\" target=\"_blank\" rel=\"noopener\">la com\u00e9dienne<\/a>, l&rsquo;alcool est alors devenue <strong>sa \u00ab\u00a0b\u00e9quille\u00a0\u00bb.<\/strong><\/p>\n<p>Muriel Robin : une partie de sa vie g\u00e2ch\u00e9e par l&rsquo;alcool<\/p>\n<p>Face \u00e0 la journaliste, Muriel Robin s&rsquo;est confi\u00e9e \u00e0 c\u0153ur ouvert sur sa fragilit\u00e9 : \u00ab\u00a0Je me sentais tellement diff\u00e9rente que <strong>j&rsquo;\u00e9tais tr\u00e8s seule donc j&rsquo;\u00e9tais en souffrance<\/strong>\u00ab\u00a0. L&rsquo;alcool venait alors masquer cette \u00ab\u00a0souffrance\u00a0\u00bb : \u00ab\u00a0Quand on boit, \u00e7a maque tout donc on n&rsquo;y voit plus trop clair dans sa vie [&#8230;] Il s&rsquo;agit de penser \u00e0 rien\u00a0\u00bb. L&rsquo;alcoolisme qui a aussi eu des cons\u00e9quences physiques sur <a href=\"https:\/\/www.google.com\/url?sa=t&amp;source=web&amp;rct=j&amp;opi=89978449&amp;url=https:\/\/vsd.fr\/77449-oui-il-y-a-eu-un-couac-muriel-robin-quitte-brutalement-lol-qui-rit-sort-une-autre-star-de-lemission-balance\/&amp;ved=2ahUKEwj-4PaIwKGNAxVbQaQEHUGfLfcQFnoECBoQAQ&amp;usg=AOvVaw19DoLUaTc9T9g2N-kgOvDs\" target=\"_blank\" rel=\"noopener\">l&rsquo;ex amie de Pierre Palmade<\/a> qui est mont\u00e9e \u00e0 95 kilos. \u00ab\u00a0<strong>\u00c7a m&rsquo;a d\u00e9form\u00e9<\/strong>\u00a0\u00bb affirme-t-elle.<\/p>\n<p>Si elle a eu du mal \u00e0 le dire, finalement, <a href=\"https:\/\/www.google.com\/url?sa=t&amp;source=web&amp;rct=j&amp;opi=89978449&amp;url=https:\/\/vsd.fr\/78767-muriel-robin-lacolyte-de-pierre-palmade-victime-de-la-pire-des-manipulations\/&amp;ved=2ahUKEwj-4PaIwKGNAxVbQaQEHUGfLfcQFnoECBsQAQ&amp;usg=AOvVaw0biYS2JzGcfsRM1773GO-D\" target=\"_blank\" rel=\"noopener\">l&rsquo;ex candidate de \u00ab\u00a0LOL : qui rit, sort\u00a0\u00bb<\/a> a confirm\u00e9 : \u00ab\u00a0<strong>Oui j&rsquo;\u00e9tais alcoolique pendant trente ans<\/strong> [&#8230;] J&rsquo;ai fais des spectacles mais j&rsquo;ai fais une d\u00e9pression entre chaque spectacle\u00a0\u00bb. Enfin, semblant se rendre compte du terrible impact de cette addication sur sa vie, Muriel Robin ach\u00e8ve sa discussion ainsi : \u00ab\u00a0<strong>Je r\u00e9alise que ce sont 30 ans que je n\u2019ai pas vu passer \u00e0 un point anormal. C\u2019est l\u2019alcool qui me les a vol\u00e9s<\/strong>. C&rsquo;est cher pay\u00e9. Trente ans c&rsquo;est beaucoup\u00a0\u00bb conclut-elle les yeux embu\u00e9s.<\/p>\n<p>Les femmes seraient <strong>entre 500 000 et un million et demi <\/strong>\u00e0 \u00eatre concern\u00e9es par l&rsquo;alcoolisme. Un chiffre incertain tant la honte a souvent tendance \u00e0 prendre le dessus.<\/p>\n<p>      Mentionn\u00e9s dans cet article<\/p>\n<p>\u00c0 lire aussi<\/p>\n","protected":false},"excerpt":{"rendered":"Parler comme \u00e9crire ont souvent \u00e9t\u00e9 des exutoires. Parler et\/ou \u00e9crire, c&rsquo;est une mani\u00e8re de se lib\u00e9rer d&rsquo;un&hellip;\n","protected":false},"author":2,"featured_media":98676,"comment_status":"","ping_status":"","sticky":false,"template":"","format":"standard","meta":{"footnotes":""},"categories":[8],"tags":[6654,21305,5702,4826,21306,1193,58,59,1011,27,4467,2400,2701,11764],"class_list":{"0":"post-98675","1":"post","2":"type-post","3":"status-publish","4":"format-standard","5":"has-post-thumbnail","7":"category-divertissement","8":"tag-addiction","9":"tag-addictologie","10":"tag-alcool","11":"tag-alcoolisme","12":"tag-anne-le-nen","13":"tag-couple","14":"tag-divertissement","15":"tag-entertainment","16":"tag-fr","17":"tag-france","18":"tag-france-5","19":"tag-france-televisions","20":"tag-humoriste","21":"tag-muriel-robin"},"share_on_mastodon":{"url":"https:\/\/pubeurope.com\/@fr\/114504766849095181","error":""},"_links":{"self":[{"href":"https:\/\/www.europesays.com\/fr\/wp-json\/wp\/v2\/posts\/98675","targetHints":{"allow":["GET"]}}],"collection":[{"href":"https:\/\/www.europesays.com\/fr\/wp-json\/wp\/v2\/posts"}],"about":[{"href":"https:\/\/www.europesays.com\/fr\/wp-json\/wp\/v2\/types\/post"}],"author":[{"embeddable":true,"href":"https:\/\/www.europesays.com\/fr\/wp-json\/wp\/v2\/users\/2"}],"replies":[{"embeddable":true,"href":"https:\/\/www.europesays.com\/fr\/wp-json\/wp\/v2\/comments?post=98675"}],"version-history":[{"count":0,"href":"https:\/\/www.europesays.com\/fr\/wp-json\/wp\/v2\/posts\/98675\/revisions"}],"wp:featuredmedia":[{"embeddable":true,"href":"https:\/\/www.europesays.com\/fr\/wp-json\/wp\/v2\/media\/98676"}],"wp:attachment":[{"href":"https:\/\/www.europesays.com\/fr\/wp-json\/wp\/v2\/media?parent=98675"}],"wp:term":[{"taxonomy":"category","embeddable":true,"href":"https:\/\/www.europesays.com\/fr\/wp-json\/wp\/v2\/categories?post=98675"},{"taxonomy":"post_tag","embeddable":true,"href":"https:\/\/www.europesays.com\/fr\/wp-json\/wp\/v2\/tags?post=98675"}],"curies":[{"name":"wp","href":"https:\/\/api.w.org\/{rel}","templated":true}]}}