{"id":986949,"date":"2026-06-08T20:29:04","date_gmt":"2026-06-08T20:29:04","guid":{"rendered":"https:\/\/www.europesays.com\/fr\/986949\/"},"modified":"2026-06-08T20:29:04","modified_gmt":"2026-06-08T20:29:04","slug":"chypre-la-france-encadre-sa-presence-militaire-grace-a-un-accord","status":"publish","type":"post","link":"https:\/\/www.europesays.com\/fr\/986949\/","title":{"rendered":"Chypre\u00a0: La France encadre sa pr\u00e9sence militaire gr\u00e2ce \u00e0 un accord"},"content":{"rendered":"<p>La France renforce son ancrage en M\u00e9diterran\u00e9e. Paris et Nicosie ont sign\u00e9 lundi un accord qui encadre la pr\u00e9sence de troupes fran\u00e7aises \u00e0 <a href=\"https:\/\/www.20minutes.fr\/dossier\/chypre\" target=\"_blank\" class=\"c-link c-link--is-underlined\" rel=\"nofollow noopener\">Chypre<\/a>. Objectif affich\u00e9\u00a0: faciliter les d\u00e9ploiements militaires, notamment pour des op\u00e9rations humanitaires dans la r\u00e9gion.<\/p>\n<p>\u00ab\u00a0Je suis heureux que les ministres de la <a href=\"https:\/\/www.20minutes.fr\/monde\/4204690-20260305-guerre-iran-plusieurs-pays-envoient-bateaux-defendre-chypre-membre-ue\" target=\"_blank\" class=\"c-link c-link--is-underlined\" rel=\"nofollow noopener\">D\u00e9fense de Chypre<\/a> et de France aient sign\u00e9 aujourd\u2019hui cet accord\u00a0\u00bb, s\u2019est r\u00e9joui Nikos Christodoulides, \u00e9voquant un renforcement \u00ab\u00a0de la relation strat\u00e9gique et de la coop\u00e9ration\u00a0\u00bb entre les deux pays.<\/p>\n<p>Clarifier les responsabilit\u00e9s de chacun<\/p>\n<p>Cet accord dit de statut des forces a \u00e9t\u00e9 sign\u00e9 \u00e0 Nicosie en marge d\u2019une r\u00e9union des ministres europ\u00e9ens de l\u2019Union Europ\u00e9enne organis\u00e9e dans le cadre de la pr\u00e9sidence chypriote du Conseil de l\u2019UE. Il d\u00e9finit notamment les droits et obligations des troupes d\u00e9ploy\u00e9es, que ce soit pour les questions de justice, de logistique ou d\u2019organisation des op\u00e9rations. Ce type d\u2019accord permet d\u2019encadrer <a href=\"https:\/\/www.20minutes.fr\/monde\/4205358-20260309-guerre-iran-chypre-mission-deblocage-detroit-ormuz-essentiel-annonces-macron\" target=\"_blank\" class=\"c-link c-link--is-underlined\" rel=\"nofollow noopener\">la pr\u00e9sence de militaires \u00e9trangers<\/a> dans un pays h\u00f4te et de clarifier les responsabilit\u00e9s de chacun, y compris les questions relatives aux juridictions comp\u00e9tentes, \u00e0 la logistique et aux accords op\u00e9rationnels.<\/p>\n<\/p>\n<p>Une coop\u00e9ration d\u00e9j\u00e0 bien install\u00e9e<\/p>\n<p>Cet accord s\u2019inscrit dans une dynamique plus large. En avril, Emmanuel Macron et Nikos Christodoulides avaient d\u00e9j\u00e0 annonc\u00e9 leur volont\u00e9 commune d\u2019accueillir des forces fran\u00e7aises \u00e0 Chypre pour des missions \u00ab\u00a0humanitaires dans la M\u00e9diterran\u00e9e orientale et au Moyen-Orient\u00a0\u00bb. Depuis plusieurs ann\u00e9es, Paris et Nicosie ont d\u00e9velopp\u00e9 leur coop\u00e9ration militaire ces derni\u00e8res ann\u00e9es \u00e0 travers l\u2019organisation d\u2019exercices conjoints, d\u2019initiatives communes en mati\u00e8re de d\u00e9fense, et d\u2019une coordination strat\u00e9gique plus large sur les questions de s\u00e9curit\u00e9 r\u00e9gionale.<\/p>\n<p>Chypre s\u2019impose de plus en plus comme une base cl\u00e9 dans la r\u00e9gion. L\u2019\u00eele est r\u00e9guli\u00e8rement utilis\u00e9e par les forces fran\u00e7aises pour des op\u00e9rations d\u2019\u00e9vacuation ou d\u2019aide humanitaire li\u00e9es aux crises au Moyen-Orient. Ce positionnement strat\u00e9gique explique l\u2019int\u00e9r\u00eat d\u2019un cadre formalis\u00e9. Il doit permettre de faciliter les d\u00e9ploiements futurs et d\u2019acc\u00e9l\u00e9rer les interventions en cas de crise.<\/p>\n","protected":false},"excerpt":{"rendered":"La France renforce son ancrage en M\u00e9diterran\u00e9e. Paris et Nicosie ont sign\u00e9 lundi un accord qui encadre la&hellip;\n","protected":false},"author":2,"featured_media":986950,"comment_status":"","ping_status":"","sticky":false,"template":"","format":"standard","meta":{"footnotes":"","_share_on_mastodon":"0"},"categories":[4],"tags":[47,11,1813,16996,554,1011,27,74,12,25],"class_list":["post-986949","post","type-post","status-publish","format-standard","has-post-thumbnail","category-france","tag-actualite","tag-actualites","tag-armee","tag-chypre","tag-defense","tag-fr","tag-france","tag-monde","tag-news","tag-republique-francaise"],"share_on_mastodon":{"url":"https:\/\/pubeurope.com\/@fr\/116716383062290174","error":""},"_links":{"self":[{"href":"https:\/\/www.europesays.com\/fr\/wp-json\/wp\/v2\/posts\/986949","targetHints":{"allow":["GET"]}}],"collection":[{"href":"https:\/\/www.europesays.com\/fr\/wp-json\/wp\/v2\/posts"}],"about":[{"href":"https:\/\/www.europesays.com\/fr\/wp-json\/wp\/v2\/types\/post"}],"author":[{"embeddable":true,"href":"https:\/\/www.europesays.com\/fr\/wp-json\/wp\/v2\/users\/2"}],"replies":[{"embeddable":true,"href":"https:\/\/www.europesays.com\/fr\/wp-json\/wp\/v2\/comments?post=986949"}],"version-history":[{"count":0,"href":"https:\/\/www.europesays.com\/fr\/wp-json\/wp\/v2\/posts\/986949\/revisions"}],"wp:featuredmedia":[{"embeddable":true,"href":"https:\/\/www.europesays.com\/fr\/wp-json\/wp\/v2\/media\/986950"}],"wp:attachment":[{"href":"https:\/\/www.europesays.com\/fr\/wp-json\/wp\/v2\/media?parent=986949"}],"wp:term":[{"taxonomy":"category","embeddable":true,"href":"https:\/\/www.europesays.com\/fr\/wp-json\/wp\/v2\/categories?post=986949"},{"taxonomy":"post_tag","embeddable":true,"href":"https:\/\/www.europesays.com\/fr\/wp-json\/wp\/v2\/tags?post=986949"}],"curies":[{"name":"wp","href":"https:\/\/api.w.org\/{rel}","templated":true}]}}