{"id":986978,"date":"2026-06-08T20:49:27","date_gmt":"2026-06-08T20:49:27","guid":{"rendered":"https:\/\/www.europesays.com\/fr\/986978\/"},"modified":"2026-06-08T20:49:27","modified_gmt":"2026-06-08T20:49:27","slug":"rachat-de-sfr-pas-de-hausse-des-tarifs-promettent-les-operateurs-mais-les-doutes-persistent","status":"publish","type":"post","link":"https:\/\/www.europesays.com\/fr\/986978\/","title":{"rendered":"Rachat de SFR\u00a0: Pas de hausse des tarifs, promettent les op\u00e9rateurs, mais les doutes persistent"},"content":{"rendered":"<p>Les prix vont-ils flamber avec <a href=\"https:\/\/www.20minutes.fr\/economie\/4227607-20260607-bouygues-telecom-free-orange-rachetent-sfr-plus-20-milliards-euros\" target=\"_blank\" class=\"c-link c-link--is-underlined\" rel=\"nofollow noopener\">le rachat de SFR<\/a>\u00a0? Les op\u00e9rateurs <a href=\"https:\/\/www.20minutes.fr\/economie\/4227823-20260608-rachat-sfr-emplois-prix-operateurs-tentent-rassurer\" target=\"_blank\" class=\"c-link c-link--is-underlined\" rel=\"nofollow noopener\">veulent calmer le jeu<\/a>. Orange, Bouygues Telecom et Iliad (Free), qui ont conclu un accord de rachat \u00e0 20,35\u00a0milliards d\u2019euros, assurent que les abonn\u00e9s n\u2019ont rien \u00e0 craindre c\u00f4t\u00e9 tarifs.<\/p>\n<p>\u00ab\u00a0Cette transaction et la valeur cr\u00e9\u00e9e par cette transaction ne viennent absolument pas d\u2019hypoth\u00e8ses de prix qui augmenteraient\u00a0\u00bb, a insist\u00e9 Christel Heydemann, directrice g\u00e9n\u00e9rale d\u2019Orange. Une r\u00e9ponse directe aux inqui\u00e9tudes li\u00e9es au passage de quatre <a href=\"https:\/\/www.20minutes.fr\/economie\/4218880-20260417-rachat-sfr-quoi-ressemblerait-marche-trois-operateurs\" target=\"_blank\" class=\"c-link c-link--is-underlined\" rel=\"nofollow noopener\">\u00e0 trois op\u00e9rateurs en France<\/a>.<\/p>\n<\/p>\n<p>Les prix vraiment \u00e0 l\u2019abri\u00a0?<\/p>\n<p>Pour Orange, la ligne est claire\u00a0: pas d\u2019augmentation \u00e0 pr\u00e9voir. L\u2019op\u00e9rateur assure qu\u2019il devra au contraire maintenir, voire am\u00e9liorer la qualit\u00e9 de service pour garder ses clients, notamment lors de la migration des abonn\u00e9s SFR vers son r\u00e9seau. M\u00eame discours chez Free. \u00ab\u00a0On va avoir d\u2019autant plus de moyens, d\u2019autant plus de moyens financiers pour investir, afin de se diff\u00e9rencier. [\u2026] Moi, j\u2019ai la conviction que cette op\u00e9ration va renforcer la concurrence\u00a0\u00bb, affirme Thomas Reynaud, directeur g\u00e9n\u00e9ral d\u2019Iliad.<\/p>\n<p>Les groupes veulent rester offensifs. \u00ab\u00a0On est \u00e9videmment d\u00e9termin\u00e9s \u00e0 gagner, \u00e0 rester leader en France, et donc la concurrence entre les trois op\u00e9rateurs restera [\u2026] aussi intense qu\u2019elle l\u2019a \u00e9t\u00e9 par le pass\u00e9\u00a0\u00bb, assure Christel Heydemann. Le message est simple\u00a0: moins d\u2019acteurs ne veut pas dire moins de comp\u00e9tition. Au contraire, les op\u00e9rateurs promettent plus d\u2019investissements et d\u2019innovation pour se d\u00e9marquer, notamment sur les services et le r\u00e9seau.<\/p>\n<p>Des doutes persistants malgr\u00e9 tout<\/p>\n<p>Reste que les interrogations ne disparaissent pas. Le passage \u00e0 trois op\u00e9rateurs suscite depuis des mois des craintes sur une possible hausse des prix, un sc\u00e9nario d\u00e9j\u00e0 observ\u00e9 ailleurs en Europe selon certains analystes. Le feu vert des autorit\u00e9s de la concurrence sera d\u2019ailleurs d\u00e9terminant. Elles devront notamment v\u00e9rifier que cette op\u00e9ration historique ne r\u00e9duit pas la pression sur les tarifs pour les consommateurs.<\/p>\n<p>En se basant sur les consolidations qui ont eu lieu en Irlande, Allemagne et Royaume-Uni, St\u00e9phane Dubreuil, expert en t\u00e9l\u00e9communications, estime que \u00ab l&rsquo;hypoth\u00e8se la plus commune est une remont\u00e9e des prix assez douce sur deux ans de 5% \u00e0 7% \u00bb.<\/p>\n<p>\u00ab Il y aura probablement des promotions un peu moins intenses qu&rsquo;aujourd&rsquo;hui \u00bb mais pas forc\u00e9ment \u00ab une hausse drastique des prix \u00bb, souligne de son c\u00f4t\u00e9 Sylvain Chevallier, analyste t\u00e9l\u00e9coms et associ\u00e9 du cabinet de conseil BearingPoint.<\/p>\n","protected":false},"excerpt":{"rendered":"Les prix vont-ils flamber avec le rachat de SFR\u00a0? Les op\u00e9rateurs veulent calmer le jeu. Orange, Bouygues Telecom&hellip;\n","protected":false},"author":2,"featured_media":986979,"comment_status":"","ping_status":"","sticky":false,"template":"","format":"standard","meta":{"footnotes":"","_share_on_mastodon":"0"},"categories":[6],"tags":[47,17402,35,6409,33,34,1011,27,735,740,965,963],"class_list":["post-986978","post","type-post","status-publish","format-standard","has-post-thumbnail","category-economie","tag-actualite","tag-bouygues-telecom","tag-business","tag-consommateurs","tag-economie","tag-economy","tag-fr","tag-france","tag-free-mobile","tag-sfr","tag-telecommunications","tag-telephonie"],"share_on_mastodon":{"url":"https:\/\/pubeurope.com\/@fr\/116716461426634440","error":""},"_links":{"self":[{"href":"https:\/\/www.europesays.com\/fr\/wp-json\/wp\/v2\/posts\/986978","targetHints":{"allow":["GET"]}}],"collection":[{"href":"https:\/\/www.europesays.com\/fr\/wp-json\/wp\/v2\/posts"}],"about":[{"href":"https:\/\/www.europesays.com\/fr\/wp-json\/wp\/v2\/types\/post"}],"author":[{"embeddable":true,"href":"https:\/\/www.europesays.com\/fr\/wp-json\/wp\/v2\/users\/2"}],"replies":[{"embeddable":true,"href":"https:\/\/www.europesays.com\/fr\/wp-json\/wp\/v2\/comments?post=986978"}],"version-history":[{"count":0,"href":"https:\/\/www.europesays.com\/fr\/wp-json\/wp\/v2\/posts\/986978\/revisions"}],"wp:featuredmedia":[{"embeddable":true,"href":"https:\/\/www.europesays.com\/fr\/wp-json\/wp\/v2\/media\/986979"}],"wp:attachment":[{"href":"https:\/\/www.europesays.com\/fr\/wp-json\/wp\/v2\/media?parent=986978"}],"wp:term":[{"taxonomy":"category","embeddable":true,"href":"https:\/\/www.europesays.com\/fr\/wp-json\/wp\/v2\/categories?post=986978"},{"taxonomy":"post_tag","embeddable":true,"href":"https:\/\/www.europesays.com\/fr\/wp-json\/wp\/v2\/tags?post=986978"}],"curies":[{"name":"wp","href":"https:\/\/api.w.org\/{rel}","templated":true}]}}