{"id":987170,"date":"2026-06-08T22:50:15","date_gmt":"2026-06-08T22:50:15","guid":{"rendered":"https:\/\/www.europesays.com\/fr\/987170\/"},"modified":"2026-06-08T22:50:15","modified_gmt":"2026-06-08T22:50:15","slug":"un-juge-invalide-les-frais-de-100-000-us-pour-des-visas-de-travailleurs-qualifies","status":"publish","type":"post","link":"https:\/\/www.europesays.com\/fr\/987170\/","title":{"rendered":"Un juge invalide les frais de 100 000 $US pour des visas de travailleurs qualifi\u00e9s"},"content":{"rendered":"<p>Un juge f\u00e9d\u00e9ral am\u00e9ricain a invalid\u00e9 lundi les frais de 100\u00a0000\u00a0$US impos\u00e9s par l\u2019administration Trump pour les nouveaux visas H-1B, contredisant ainsi une d\u00e9cision ant\u00e9rieure d\u2019un tribunal f\u00e9d\u00e9ral qui avait confirm\u00e9 cette augmentation.<\/p>\n<p>L\u2019administration avait annonc\u00e9 cette hausse consid\u00e9rable des frais afin d\u2019emp\u00eacher les travailleurs \u00e9trangers de prendre les emplois des Am\u00e9ricains. <\/p>\n<p>Cependant, le juge Leo Sorokin, de la cour f\u00e9d\u00e9rale de district de Boston, s\u2019est rang\u00e9 du c\u00f4t\u00e9 de 20\u00a0\u00c9tats et a invalid\u00e9 cette politique en mati\u00e8re de visas, concluant que le pouvoir ex\u00e9cutif avait outrepass\u00e9 ses pouvoirs et viol\u00e9 la loi sur la proc\u00e9dure administrative, qui r\u00e9git la mani\u00e8re dont les agences f\u00e9d\u00e9rales \u00e9laborent et promulguent les r\u00e9glementations.<\/p>\n<p>\u00abLa Cour estime que cette politique impose une taxe sur les demandes de visa H-1B sans l\u2019autorisation requise du Congr\u00e8s\u00bb, a \u00e9crit M.\u00a0Sorokin.<\/p>\n<p>Les visas H-1B sont destin\u00e9s \u00e0 des emplois hautement qualifi\u00e9s pour lesquels il est difficile de trouver des travailleurs am\u00e9ricains. Les entreprises technologiques aux moyens financiers importants en sont les principales utilisatrices, pr\u00e8s des trois quarts des visas accord\u00e9s \u00e9tant destin\u00e9s \u00e0 des travailleurs indiens.<\/p>\n<p>Les \u00c9tats ont fait valoir qu\u2019il \u00e9tait d\u00e9j\u00e0 difficile, avant m\u00eame cette augmentation des frais, d\u2019utiliser le programme H-1B pour pourvoir les postes vacants de m\u00e9decins et d\u2019enseignants dont le pays a cruellement besoin.<\/p>\n<p>La plupart des demandes de visa H-1B co\u00fbtaient plusieurs milliers de dollars avant que l\u2019augmentation annonc\u00e9e ne d\u00e9clenche une vague de panique parmi les employeurs, les \u00e9tudiants et les travailleurs d\u00e9sorient\u00e9s aux \u00c9tats-Unis et \u00e0 l\u2019\u00e9tranger, et ne donne lieu \u00e0 plusieurs poursuites judiciaires, notamment \u00e0 Boston.<\/p>\n<p>La Chambre de commerce des \u00c9tats-Unis a \u00e9galement intent\u00e9 une action devant le tribunal f\u00e9d\u00e9ral de Washington, et a fait appel d\u2019un rejet de jugement sommaire contre la hausse des frais. Cela a maintenu la hausse des frais en vigueur, au moins jusqu\u2019en septembre\u00a02026, date \u00e0 laquelle elle doit expirer.<\/p>\n<p>La d\u00e9cision rendue lundi est \u00e9galement un jugement sommaire, mais avec un effet inverse. Une autre action en justice a encore \u00e9t\u00e9 intent\u00e9e devant le tribunal f\u00e9d\u00e9ral de San Francisco par des groupes religieux et des organisations syndicales, ce qui ouvre la possibilit\u00e9 de d\u00e9cisions divergentes dans trois circuits de cours d\u2019appel. <\/p>\n<p>Les \u00c9tats ont fait valoir que cette mesure entrave leur capacit\u00e9 \u00e0 recruter des enseignants pour les \u00e9coles primaires et secondaires, \u00e0 pourvoir les postes dans les coll\u00e8ges et universit\u00e9s publics, freine la recherche universitaire et entra\u00eene une diminution du nombre de professionnels de sant\u00e9.<\/p>\n<p>\u00abLa proclamation fait diverses allusions aux objectifs de la politique \u00e9conomique nationale pour justifier les frais sans pr\u00e9c\u00e9dent de 100\u00a0000\u00a0$, ont \u00e9crit les plaignants dans leur plainte. Mais la proclamation ne donne aucune indication que le pr\u00e9sident ait pris en consid\u00e9ration l\u2019impact que ces frais auraient sur les \u00c9tats plaignants et leur capacit\u00e9 \u00e0 offrir \u00e0 leurs r\u00e9sidents l\u2019acc\u00e8s \u00e0 l\u2019\u00e9ducation, aux soins de sant\u00e9 et \u00e0 d\u2019autres besoins humains fondamentaux.\u00bb<\/p>\n<p>Dans un communiqu\u00e9, le d\u00e9partement de la S\u00e9curit\u00e9 int\u00e9rieure a indiqu\u00e9 que l\u2019agence d\u00e9sapprouvait \u00abcet activisme judiciaire flagrant qui d\u00e9mant\u00e8le les efforts historiques du pr\u00e9sident Trump en mati\u00e8re de r\u00e9forme de l\u2019immigration\u00bb.<\/p>\n<p>\u00abSous la pr\u00e9sidence de Donald Trump et sous la direction du secr\u00e9taire Mullin, notre syst\u00e8me d\u2019immigration est en cours de r\u00e9forme afin de servir les citoyens am\u00e9ricains, les travailleurs am\u00e9ricains et les familles am\u00e9ricaines, et de pr\u00e9server notre identit\u00e9 nationale \u2014 et non pour importer rapidement des \u00e9trangers qui prennent les emplois des Am\u00e9ricains, commettent des crimes, p\u00e8sent sur notre syst\u00e8me de protection sociale et \u00e9rodent notre tissu culturel et social\u00bb, peut-on lire.<\/p>\n","protected":false},"excerpt":{"rendered":"Un juge f\u00e9d\u00e9ral am\u00e9ricain a invalid\u00e9 lundi les frais de 100\u00a0000\u00a0$US impos\u00e9s par l\u2019administration Trump pour les nouveaux&hellip;\n","protected":false},"author":2,"featured_media":987171,"comment_status":"","ping_status":"","sticky":false,"template":"","format":"standard","meta":{"footnotes":"","_share_on_mastodon":"0"},"categories":[1589],"tags":[11,73,1866,4574,32214,1854,20106,4576,74986,15225,42044,12,1864,1865,1863,308],"class_list":["post-987170","post","type-post","status-publish","format-standard","has-post-thumbnail","category-etats-unis","tag-actualites","tag-etats-unis","tag-etats-unis-damerique","tag-https-lactualite-com-sujet-affaires","tag-https-lactualite-com-sujet-education","tag-https-lactualite-com-sujet-international","tag-https-lactualite-com-sujet-justice","tag-https-lactualite-com-sujet-politique","tag-https-lactualite-com-sujet-sante","tag-https-lactualite-com-sujet-social","tag-https-lactualite-com-sujet-travail","tag-news","tag-united-states","tag-united-states-of-america","tag-us","tag-usa"],"share_on_mastodon":{"url":"","error":"Validation failed: Text character limit of 500 exceeded"},"_links":{"self":[{"href":"https:\/\/www.europesays.com\/fr\/wp-json\/wp\/v2\/posts\/987170","targetHints":{"allow":["GET"]}}],"collection":[{"href":"https:\/\/www.europesays.com\/fr\/wp-json\/wp\/v2\/posts"}],"about":[{"href":"https:\/\/www.europesays.com\/fr\/wp-json\/wp\/v2\/types\/post"}],"author":[{"embeddable":true,"href":"https:\/\/www.europesays.com\/fr\/wp-json\/wp\/v2\/users\/2"}],"replies":[{"embeddable":true,"href":"https:\/\/www.europesays.com\/fr\/wp-json\/wp\/v2\/comments?post=987170"}],"version-history":[{"count":0,"href":"https:\/\/www.europesays.com\/fr\/wp-json\/wp\/v2\/posts\/987170\/revisions"}],"wp:featuredmedia":[{"embeddable":true,"href":"https:\/\/www.europesays.com\/fr\/wp-json\/wp\/v2\/media\/987171"}],"wp:attachment":[{"href":"https:\/\/www.europesays.com\/fr\/wp-json\/wp\/v2\/media?parent=987170"}],"wp:term":[{"taxonomy":"category","embeddable":true,"href":"https:\/\/www.europesays.com\/fr\/wp-json\/wp\/v2\/categories?post=987170"},{"taxonomy":"post_tag","embeddable":true,"href":"https:\/\/www.europesays.com\/fr\/wp-json\/wp\/v2\/tags?post=987170"}],"curies":[{"name":"wp","href":"https:\/\/api.w.org\/{rel}","templated":true}]}}