{"id":987189,"date":"2026-06-08T23:06:27","date_gmt":"2026-06-08T23:06:27","guid":{"rendered":"https:\/\/www.europesays.com\/fr\/987189\/"},"modified":"2026-06-08T23:06:27","modified_gmt":"2026-06-08T23:06:27","slug":"cyclisme-un-coureur-neerlandais-plaque-au-sol-et-maitrise-par-la-police-apres-avoir-ete-disqualifie-sur-la-ronde-de-loise","status":"publish","type":"post","link":"https:\/\/www.europesays.com\/fr\/987189\/","title":{"rendered":"Cyclisme : un coureur n\u00e9erlandais plaqu\u00e9 au sol et maitris\u00e9 par la police apr\u00e8s avoir \u00e9t\u00e9 disqualifi\u00e9 sur la Ronde de l\u2019Oise"},"content":{"rendered":"<p class=\"dm_article-chapeau\">Un coureur n\u00e9erlandais a \u00e9t\u00e9 plaqu\u00e9 au sol et maitris\u00e9 par la police apr\u00e8s avoir \u00e9t\u00e9 disqualifi\u00e9 dimanche 7 juin sur la Ronde de l\u2019Oise par les commissaires de course de l\u2019UCI.<\/p>\n<p>Il n\u2019en est pas \u00e0 sa premi\u00e8re exclusion. Engag\u00e9 sur la Ronde de l\u2019Oise, Jan-Willem van Schip (31 ans) a \u00e9t\u00e9 disqualifi\u00e9, dimanche, <a href=\"https:\/\/www.cnews.fr\/sport\" rel=\"nofollow noopener\" target=\"_blank\">par les commissaires de course de l\u2019UCI lors de la 4e et derni\u00e8re \u00e9tape<\/a>.<\/p>\n<p>Alors qu\u2019il avait d\u00e9j\u00e0 \u00e9cop\u00e9 d\u2019une premi\u00e8re amende de 200\u00a0francs suisses\u00a0(environ 218 euros) et du retrait de cinq points UCI lors de la 2e \u00e9tape\u00a0pour avoir \u00abutilis\u00e9 une position ou un point d\u2019appui non conforme sur le v\u00e9lo qui repr\u00e9sente un danger pour le cycliste ou ses concurrents\u00bb, le coureur n\u00e9erlandais a \u00e9t\u00e9 sanctionn\u00e9 pour l\u2019\u00abutilisation\u00a0d\u2019un \u00e9quipement vestimentaire non conforme\u00bb.<\/p>\n<blockquote class=\"instagram-media\" style=\"background-color:#FFF;border-radius:3px;border-width:0;box-shadow:0 0 1px 0 rgba(0,0,0,0.5),0 1px 10px 0 rgba(0,0,0,0.15);margin:1px;max-width:540px;min-width:326px;padding:0;width:calc(100% - 2px);\" data-instgrm-captioned=\"\" data-instgrm-permalink=\"https:\/\/www.instagram.com\/reel\/DZTJZOoSo_l\/?utm_source=ig_embed&amp;utm_campaign=loading\" data-instgrm-version=\"14\"\/>\n<p>Les commissaires lui auraient reproch\u00e9 d\u2019avoir gliss\u00e9 un bidon dans son maillot, une technique qui peut permettre de gagner en a\u00e9rodynamisme.\u00a0Mais malgr\u00e9 cette d\u00e9cision, le coureur de la formation Azerion\/Villa Valkenburg a refus\u00e9 de s\u2019arr\u00eater et a continu\u00e9 sa route, for\u00e7ant les forces de l\u2019ordre \u00e0 intervenir.\u00a0<\/p>\n<p>Pr\u00e9sents le long du parcours, des gendarmes ont plaqu\u00e9 au sol et maitris\u00e9 sur le bas-c\u00f4t\u00e9 de la route Jan-Willem van Schip, qui s\u2019est vu infliger une nouvelle amende totale de 300\u00a0francs suisses\u00a0(environ 327 euros) pour non-respect \u00abdes instructions des organisateurs ou des commissaires\u00bb ainsi que l&rsquo;utilisation de son \u00e9quipement non appropri\u00e9.<\/p>\n<p>Et <a href=\"https:\/\/www.cnews.fr\/cyclisme\" rel=\"nofollow noopener\" target=\"_blank\">cette disqualification est d\u00e9j\u00e0 sa 3e en moins d\u2019un an<\/a>. Connu pour ses positions a\u00e9rodynamiques extr\u00eames, Jan-Willem van Schip, qui \u00e9volue \u00e9galement sur piste, avait \u00e9t\u00e9 exclu du Tour des Pays-Bas en octobre dernier \u00e0 cause d&rsquo;une tige de selle non conforme puis du Tour de Gr\u00e8ce le mois dernier en raison de la position de ses avant-bras sur son guidon. En 2021, il avait \u00e9galement \u00e9t\u00e9 exclu du Tour de Belgique puis sur la Fl\u00e8che de Heist en 2023 \u00e0 cause de l\u2019utilisation d\u2019un guidon inhabituel.<\/p>\n<p>\t<script async src=\"\/\/www.instagram.com\/embed.js\"><\/script><\/p>\n","protected":false},"excerpt":{"rendered":"Un coureur n\u00e9erlandais a \u00e9t\u00e9 plaqu\u00e9 au sol et maitris\u00e9 par la police apr\u00e8s avoir \u00e9t\u00e9 disqualifi\u00e9 dimanche&hellip;\n","protected":false},"author":2,"featured_media":987190,"comment_status":"","ping_status":"","sticky":false,"template":"","format":"standard","meta":{"footnotes":"","_share_on_mastodon":"0"},"categories":[1411],"tags":[1154,207,36964,1011,27,517,60],"class_list":["post-987189","post","type-post","status-publish","format-standard","has-post-thumbnail","category-cyclisme","tag-cycling","tag-cyclisme","tag-disqualification","tag-fr","tag-france","tag-sport","tag-sports"],"share_on_mastodon":{"url":"https:\/\/pubeurope.com\/@fr\/116717000355702764","error":""},"_links":{"self":[{"href":"https:\/\/www.europesays.com\/fr\/wp-json\/wp\/v2\/posts\/987189","targetHints":{"allow":["GET"]}}],"collection":[{"href":"https:\/\/www.europesays.com\/fr\/wp-json\/wp\/v2\/posts"}],"about":[{"href":"https:\/\/www.europesays.com\/fr\/wp-json\/wp\/v2\/types\/post"}],"author":[{"embeddable":true,"href":"https:\/\/www.europesays.com\/fr\/wp-json\/wp\/v2\/users\/2"}],"replies":[{"embeddable":true,"href":"https:\/\/www.europesays.com\/fr\/wp-json\/wp\/v2\/comments?post=987189"}],"version-history":[{"count":0,"href":"https:\/\/www.europesays.com\/fr\/wp-json\/wp\/v2\/posts\/987189\/revisions"}],"wp:featuredmedia":[{"embeddable":true,"href":"https:\/\/www.europesays.com\/fr\/wp-json\/wp\/v2\/media\/987190"}],"wp:attachment":[{"href":"https:\/\/www.europesays.com\/fr\/wp-json\/wp\/v2\/media?parent=987189"}],"wp:term":[{"taxonomy":"category","embeddable":true,"href":"https:\/\/www.europesays.com\/fr\/wp-json\/wp\/v2\/categories?post=987189"},{"taxonomy":"post_tag","embeddable":true,"href":"https:\/\/www.europesays.com\/fr\/wp-json\/wp\/v2\/tags?post=987189"}],"curies":[{"name":"wp","href":"https:\/\/api.w.org\/{rel}","templated":true}]}}