{"id":987209,"date":"2026-06-08T23:17:16","date_gmt":"2026-06-08T23:17:16","guid":{"rendered":"https:\/\/www.europesays.com\/fr\/987209\/"},"modified":"2026-06-08T23:17:16","modified_gmt":"2026-06-08T23:17:16","slug":"wwdc-2026-apple-annonce-ios-27-et-siri-ai-pour-faire-entrer-liphone-pour-de-bon-dans-lere-de-lintelligence-artificielle","status":"publish","type":"post","link":"https:\/\/www.europesays.com\/fr\/987209\/","title":{"rendered":"WWDC 2026 : Apple annonce iOS 27 et Siri AI pour faire entrer l&rsquo;iPhone pour de bon dans l&rsquo;\u00e8re de l&rsquo;intelligence artificielle"},"content":{"rendered":"<p>      Apple officialise siri ai<\/p>\n<p>Deux ans apr\u00e8s avoir promis d&rsquo;en faire un assistant plus personnel, Apple introduit la refonte en profondeur de Siri, Siri AI, bas\u00e9 sur la m\u00eame technologie que Gemini, l&rsquo;assistant IA de Google, et annonc\u00e9 comme \u00ab\u00a0plus utile\u00a0\u00bb et \u00ab\u00a0capable de plus de choses\u00a0\u00bb.\u00a0<\/p>\n<p>Ce Siri 2.0 peut \u00eatre sollicit\u00e9 en effectuant un \u00ab\u00a0swipe\u00a0\u00bb vers le bas depuis la Dynamic Island, l&rsquo;encoche interactive en haut de l&rsquo;\u00e9cran des iPhone r\u00e9cents. Il dispose aussi d&rsquo;une application d\u00e9di\u00e9e pour interagir \u00e0 la voix, via des requ\u00eates textuelles ou en partageant des documents, \u00e0 la mani\u00e8re d&rsquo;un assistant conversationnel comme ChatGPT ou Gemini.<\/p>\n<p>Capable de maintenir le fil d&rsquo;un \u00e9change en tenant compte du contexte, Siri AI pourra aussi analyser le contenu \u00e0 l&rsquo;\u00e9cran pour apporter des informations sur les \u00e9l\u00e9ments affich\u00e9s, par exemple pour r\u00e9server des billets de concert ou retrouver une photo prise plusieurs jours auparavant.<\/p>\n<p>Un mode \u00ab\u00a0Entourer pour rechercher\u00a0\u00bb sera propos\u00e9 dans l&rsquo;appareil photo de l&rsquo;iPhone pour interroger Siri directement depuis une image, \u00e0 la mani\u00e8re de la fonction \u00ab\u00a0Circile to search\u00a0\u00bb popularis\u00e9e ces derniers mois par Google et Gemini.<\/p>\n<p>Cette nouvelle version de Siri sera disponible sur toutes les plateformes d&rsquo;Apple, iOS, iPadOS, macOS et watchOS.<\/p>\n<p>Partager<\/p>\n","protected":false},"excerpt":{"rendered":"Apple officialise siri ai Deux ans apr\u00e8s avoir promis d&rsquo;en faire un assistant plus personnel, Apple introduit la&hellip;\n","protected":false},"author":2,"featured_media":987210,"comment_status":"","ping_status":"","sticky":false,"template":"","format":"standard","meta":{"footnotes":"","_share_on_mastodon":"0"},"categories":[7],"tags":[733,107,1011,27,655,43,40,41,39,717,42,44],"class_list":["post-987209","post","type-post","status-publish","format-standard","has-post-thumbnail","category-sciences-et-technologies","tag-apple","tag-fil-info","tag-fr","tag-france","tag-iphone","tag-science","tag-science-and-technology","tag-sciences","tag-sciences-et-technologies","tag-technologie","tag-technologies","tag-technology"],"share_on_mastodon":{"url":"https:\/\/pubeurope.com\/@fr\/116717043684398253","error":""},"_links":{"self":[{"href":"https:\/\/www.europesays.com\/fr\/wp-json\/wp\/v2\/posts\/987209","targetHints":{"allow":["GET"]}}],"collection":[{"href":"https:\/\/www.europesays.com\/fr\/wp-json\/wp\/v2\/posts"}],"about":[{"href":"https:\/\/www.europesays.com\/fr\/wp-json\/wp\/v2\/types\/post"}],"author":[{"embeddable":true,"href":"https:\/\/www.europesays.com\/fr\/wp-json\/wp\/v2\/users\/2"}],"replies":[{"embeddable":true,"href":"https:\/\/www.europesays.com\/fr\/wp-json\/wp\/v2\/comments?post=987209"}],"version-history":[{"count":0,"href":"https:\/\/www.europesays.com\/fr\/wp-json\/wp\/v2\/posts\/987209\/revisions"}],"wp:featuredmedia":[{"embeddable":true,"href":"https:\/\/www.europesays.com\/fr\/wp-json\/wp\/v2\/media\/987210"}],"wp:attachment":[{"href":"https:\/\/www.europesays.com\/fr\/wp-json\/wp\/v2\/media?parent=987209"}],"wp:term":[{"taxonomy":"category","embeddable":true,"href":"https:\/\/www.europesays.com\/fr\/wp-json\/wp\/v2\/categories?post=987209"},{"taxonomy":"post_tag","embeddable":true,"href":"https:\/\/www.europesays.com\/fr\/wp-json\/wp\/v2\/tags?post=987209"}],"curies":[{"name":"wp","href":"https:\/\/api.w.org\/{rel}","templated":true}]}}