{"id":987213,"date":"2026-06-08T23:19:15","date_gmt":"2026-06-08T23:19:15","guid":{"rendered":"https:\/\/www.europesays.com\/fr\/987213\/"},"modified":"2026-06-08T23:19:15","modified_gmt":"2026-06-08T23:19:15","slug":"etats-unis-un-juge-declare-illegal-le-visa-americain-a-100-000-dollars","status":"publish","type":"post","link":"https:\/\/www.europesays.com\/fr\/987213\/","title":{"rendered":"Etats-Unis\u00a0: Un juge d\u00e9clare ill\u00e9gal le visa am\u00e9ricain \u00e0 100.000 dollars"},"content":{"rendered":"<p>Un revers judiciaire pour Donald Trump. Un juge f\u00e9d\u00e9ral a annul\u00e9 lundi la d\u00e9cision d\u2019imposer <a href=\"https:\/\/www.20minutes.fr\/monde\/etats-unis\/4174222-20250919-etats-unis-donald-trump-impose-100-000-dollars-frais-visas-h-1b-tres-utilises-tech\" target=\"_blank\" class=\"c-link c-link--is-underlined\" rel=\"nofollow noopener\">des frais de 100.000 dollars<\/a> sur certains visas de travail tr\u00e8s utilis\u00e9s dans la tech. Une mesure contest\u00e9e qui visait notamment les visas H\u20111B.<\/p>\n<p>Ces permis permettent \u00e0 des <a href=\"https:\/\/www.20min.ch\/fr\/story\/etats-unis-des-restrictions-de-trump-a-l-immigration-legale-invalidees-103577630\" target=\"_blank\" class=\"c-link c-link--is-underlined\" rel=\"nofollow noopener\">travailleurs \u00e9trangers qualifi\u00e9s<\/a>, comme des ing\u00e9nieurs ou d\u00e9veloppeurs, de venir travailler aux \u00c9tats\u2011Unis. L\u2019objectif affich\u00e9 \u00e9tait de limiter ces visas <a href=\"https:\/\/www.20minutes.fr\/monde\/4193027-20251223-etats-unis-administration-trump-relance-lutte-contre-immigration-clandestine-offre-speciale-noel\" target=\"_blank\" class=\"c-link c-link--is-underlined\" rel=\"nofollow noopener\">pour favoriser les travailleurs am\u00e9ricains<\/a>. Le juge f\u00e9d\u00e9ral de Boston a estim\u00e9 que ces frais constituaient en r\u00e9alit\u00e9 une taxe. Or, ce type de d\u00e9cision rel\u00e8ve du Congr\u00e8s, et non du pouvoir ex\u00e9cutif. Cons\u00e9quence\u00a0: la mesure est jug\u00e9e ill\u00e9gale. Le magistrat donne ainsi raison \u00e0 une vingtaine d\u2019\u00c9tats qui avaient contest\u00e9 la d\u00e9cision.<\/p>\n<p><\/p>\n<p>Une d\u00e9cision qui divise la justice<\/p>\n<p>Cette d\u00e9cision va \u00e0 l\u2019encontre d\u2019un autre jugement rendu en d\u00e9cembre \u00e0 Washington. Une juge avait alors estim\u00e9 que le pr\u00e9sident pouvait imposer de tels frais. Dans ce dossier, la Chambre de commerce des \u00c9tats\u2011Unis et l\u2019Association des universit\u00e9s am\u00e9ricaines avaient \u00e9t\u00e9 d\u00e9bout\u00e9es. Elles ont depuis fait appel.<\/p>\n<p>La mesure avait suscit\u00e9 des r\u00e9actions, notamment du c\u00f4t\u00e9 de l\u2019Inde, dont les ressortissants obtiennent pr\u00e8s des trois quarts des visas H\u20111B chaque ann\u00e9e. Les entreprises technologiques, grandes utilisatrices de ces permis, avaient aussi exprim\u00e9 leurs inqui\u00e9tudes face \u00e0 cette d\u00e9cision. Ces permis de travail sont d\u2019une p\u00e9riode initiale de trois ans, prolongeable \u00e0 six ans.<\/p>\n","protected":false},"excerpt":{"rendered":"Un revers judiciaire pour Donald Trump. Un juge f\u00e9d\u00e9ral a annul\u00e9 lundi la d\u00e9cision d\u2019imposer des frais de&hellip;\n","protected":false},"author":2,"featured_media":987214,"comment_status":"","ping_status":"","sticky":false,"template":"","format":"standard","meta":{"footnotes":"","_share_on_mastodon":"0"},"categories":[5],"tags":[47,11,75,73,1011,27,1061,14,303,74,12,4392,28],"class_list":["post-987213","post","type-post","status-publish","format-standard","has-post-thumbnail","category-international","tag-actualite","tag-actualites","tag-donald-trump","tag-etats-unis","tag-fr","tag-france","tag-immigration","tag-international","tag-justice","tag-monde","tag-news","tag-visa","tag-world"],"share_on_mastodon":{"url":"https:\/\/pubeurope.com\/@fr\/116717051282978070","error":""},"_links":{"self":[{"href":"https:\/\/www.europesays.com\/fr\/wp-json\/wp\/v2\/posts\/987213","targetHints":{"allow":["GET"]}}],"collection":[{"href":"https:\/\/www.europesays.com\/fr\/wp-json\/wp\/v2\/posts"}],"about":[{"href":"https:\/\/www.europesays.com\/fr\/wp-json\/wp\/v2\/types\/post"}],"author":[{"embeddable":true,"href":"https:\/\/www.europesays.com\/fr\/wp-json\/wp\/v2\/users\/2"}],"replies":[{"embeddable":true,"href":"https:\/\/www.europesays.com\/fr\/wp-json\/wp\/v2\/comments?post=987213"}],"version-history":[{"count":0,"href":"https:\/\/www.europesays.com\/fr\/wp-json\/wp\/v2\/posts\/987213\/revisions"}],"wp:featuredmedia":[{"embeddable":true,"href":"https:\/\/www.europesays.com\/fr\/wp-json\/wp\/v2\/media\/987214"}],"wp:attachment":[{"href":"https:\/\/www.europesays.com\/fr\/wp-json\/wp\/v2\/media?parent=987213"}],"wp:term":[{"taxonomy":"category","embeddable":true,"href":"https:\/\/www.europesays.com\/fr\/wp-json\/wp\/v2\/categories?post=987213"},{"taxonomy":"post_tag","embeddable":true,"href":"https:\/\/www.europesays.com\/fr\/wp-json\/wp\/v2\/tags?post=987213"}],"curies":[{"name":"wp","href":"https:\/\/api.w.org\/{rel}","templated":true}]}}