{"id":987271,"date":"2026-06-09T00:01:22","date_gmt":"2026-06-09T00:01:22","guid":{"rendered":"https:\/\/www.europesays.com\/fr\/987271\/"},"modified":"2026-06-09T00:01:22","modified_gmt":"2026-06-09T00:01:22","slug":"laffaire-lyhanna-cest-lhistoire-de-trop-qui-mobilise-des-centaines-de-personnes-a-paris","status":"publish","type":"post","link":"https:\/\/www.europesays.com\/fr\/987271\/","title":{"rendered":"L\u2019affaire Lyhanna, \u00ab c\u2019est l\u2019histoire de trop \u00bb qui mobilise des centaines de personnes \u00e0 Paris"},"content":{"rendered":"<p class=\"mb-4 text-lg md:leading-8 break-words\"><strong>rassemblement &#8211; Quelque 1.700 personnes se sont rassembl\u00e9es sur la petite place parisienne de l\u2019\u00eele de la Cit\u00e9 qui fait face au palais de Justice.<\/strong><\/p>\n<p class=\"mb-4 text-lg md:leading-8 break-words\"><strong>Place L\u00e9pine \u00e0 Paris,<\/strong><\/p>\n<p class=\"mb-4 text-lg md:leading-8 break-words\">Trois mois jour pour jour apr\u00e8s la journ\u00e9e internationale des droits des femmes, Paris reprend des couleurs violettes. Les militantes, femmes, mamans, enfants, hommes aussi, 1.700 personnes (selon la pr\u00e9fecture de police de Paris) <a href=\"https:\/\/www.20minutes.fr\/societe\/4227804-20260608-affaire-lyhanna-darmanin-convoque-procureurs-generaux-probablement-autres-plaintes-venir-contre-jerome-b?at_medium=RSS%20feed&amp;at_campaign=ynews&amp;utm_source=yahoo&amp;utm_medium=rss&amp;utm_campaign=news_feed&amp;utm_content=in_article_link\" rel=\"nofollow noopener\" target=\"_blank\" data-ylk=\"elm:link;elmt:article_link;slk:se sont rassembl\u00e9es devant le palais de Justice parisien;itc:0;sec:content-canvas\" data-yga=\"{&quot;yLinkElement&quot;:&quot;context_link&quot;,&quot;yModuleName&quot;:&quot;content-canvas&quot;,&quot;yLinkText&quot;:&quot;se sont rassembl\u00e9es devant le palais de Justice parisien&quot;}\" class=\"link \">se sont rassembl\u00e9es devant le palais de Justice parisien<\/a>, malgr\u00e9 la pluie, malgr\u00e9 le changement de lieu de derni\u00e8re minute impos\u00e9 par les autorit\u00e9s, par solidarit\u00e9 pour <a href=\"https:\/\/www.20minutes.fr\/faits_divers\/lyhanna\/?at_medium=RSS%20feed&amp;at_campaign=ynews&amp;utm_source=yahoo&amp;utm_medium=rss&amp;utm_campaign=news_feed&amp;utm_content=in_article_link\" rel=\"nofollow noopener\" target=\"_blank\" data-ylk=\"elm:link;elmt:article_link;slk:Lyhanna;itc:0;sec:content-canvas\" data-yga=\"{&quot;yLinkElement&quot;:&quot;context_link&quot;,&quot;yModuleName&quot;:&quot;content-canvas&quot;,&quot;yLinkText&quot;:&quot;Lyhanna&quot;}\" class=\"link \">Lyhanna<\/a> et dire \u00ab\u00a0\u00e7a suffit\u00a0\u00bb.<\/p>\n<p class=\"mb-4 text-lg md:leading-8 break-words\">Cette col\u00e8re anime aussi bien Carla*, 39, \u00e9ducatrice sp\u00e9cialis\u00e9e dans la protection de l\u2019enfance et \u00ab\u00a0tata\u00a0\u00bb, Anouk, 30 ans, militante du collectif F\u00e9ministes r\u00e9volutionnaires, Rodolphe, 59 ans, avocat sp\u00e9cialiste de la protection de l\u2019enfance que Sawsane, 27 ans, pr\u00e9sente pour \u00ab\u00a0faire entendre la voix de ceux qui ne peuvent plus le faire et ceux qu\u2019on n\u2019entend pas parler\u00a0\u00bb.<\/p>\n<p><img alt=\"[object Object]\" loading=\"lazy\" width=\"960\" height=\"1280\" decoding=\"async\" data-nimg=\"1\" class=\"rounded-lg\" style=\"color:transparent\" src=\"https:\/\/www.europesays.com\/fr\/wp-content\/uploads\/2026\/06\/d14351f72a68f81b1ef2a91929247499.jpeg\"\/><\/p>\n<p>[object Object]<\/p>\n<p>La goutte d\u2019eau, encore<\/p>\n<p class=\"mb-4 text-lg md:leading-8 break-words\">En scandant des slogans comme \u00ab\u00a0les violeurs en prison\u00a0\u00bb, \u00ab\u00a0<a href=\"https:\/\/www.20minutes.fr\/dossier\/gerald_darmanin?at_medium=RSS%20feed&amp;at_campaign=ynews&amp;utm_source=yahoo&amp;utm_medium=rss&amp;utm_campaign=news_feed&amp;utm_content=in_article_link\" rel=\"nofollow noopener\" target=\"_blank\" data-ylk=\"elm:link;elmt:article_link;slk:Darmanin;itc:0;sec:content-canvas\" data-yga=\"{&quot;yLinkElement&quot;:&quot;context_link&quot;,&quot;yModuleName&quot;:&quot;content-canvas&quot;,&quot;yLinkText&quot;:&quot;Darmanin&quot;}\" class=\"link \">Darmanin<\/a> d\u00e9mission\u00a0\u00bb ou \u00ab\u00a0prot\u00e9gez nos enfants\u00a0\u00bb, la foule agglutin\u00e9e sur la petite place L\u00e9pine situ\u00e9e sur l\u2019\u00eele de la Cit\u00e9 rend hommage \u00e0 Lyhanna. Mais elle se mobilise aussi pour qu\u2019enfin, \u00e7a change.<\/p>\n<p class=\"mb-4 text-lg md:leading-8 break-words\">Apr\u00e8s la <a href=\"https:\/\/www.20minutes.fr\/justice\/3233639-20220210-affaire-maelys-cheveux-coupes-robe-laceree-mysteres-entourent-encore-meurtre-fillette?at_medium=RSS%20feed&amp;at_campaign=ynews&amp;utm_source=yahoo&amp;utm_medium=rss&amp;utm_campaign=news_feed&amp;utm_content=in_article_link\" rel=\"nofollow noopener\" target=\"_blank\" data-ylk=\"elm:link;elmt:article_link;slk:mort de Ma\u00eblys;itc:0;sec:content-canvas\" data-yga=\"{&quot;yLinkElement&quot;:&quot;context_link&quot;,&quot;yModuleName&quot;:&quot;content-canvas&quot;,&quot;yLinkText&quot;:&quot;mort de Ma\u00eblys&quot;}\" class=\"link \">mort de Ma\u00eblys<\/a>, <a href=\"https:\/\/www.20minutes.fr\/justice\/affaire-betharram\/?at_medium=RSS%20feed&amp;at_campaign=ynews&amp;utm_source=yahoo&amp;utm_medium=rss&amp;utm_campaign=news_feed&amp;utm_content=in_article_link\" rel=\"nofollow noopener\" target=\"_blank\" data-ylk=\"elm:link;elmt:article_link;slk:l\u2019affaire B\u00e9tharram;itc:0;sec:content-canvas\" data-yga=\"{&quot;yLinkElement&quot;:&quot;context_link&quot;,&quot;yModuleName&quot;:&quot;content-canvas&quot;,&quot;yLinkText&quot;:&quot;l\u2019affaire B\u00e9tharram&quot;}\" class=\"link \">l\u2019affaire B\u00e9tharram<\/a>, le <a href=\"https:\/\/www.20minutes.fr\/justice\/4217707-20260411-affaire-scouarnec-flashs-pendant-annees-calvaire-david-victime-comme-fils-pedocriminel?at_medium=RSS%20feed&amp;at_campaign=ynews&amp;utm_source=yahoo&amp;utm_medium=rss&amp;utm_campaign=news_feed&amp;utm_content=in_article_link\" rel=\"nofollow noopener\" target=\"_blank\" data-ylk=\"elm:link;elmt:article_link;slk:proc\u00e8s le Scouarnec;itc:0;sec:content-canvas\" data-yga=\"{&quot;yLinkElement&quot;:&quot;context_link&quot;,&quot;yModuleName&quot;:&quot;content-canvas&quot;,&quot;yLinkText&quot;:&quot;proc\u00e8s le Scouarnec&quot;}\" class=\"link \">proc\u00e8s le Scouarnec<\/a> ou les multiples <a href=\"https:\/\/www.20minutes.fr\/paris\/4216655-20260403-violences-periscolaire-paris-parents-attendent-juger-pieces-annonces-gregoire?at_medium=RSS%20feed&amp;at_campaign=ynews&amp;utm_source=yahoo&amp;utm_medium=rss&amp;utm_campaign=news_feed&amp;utm_content=in_article_link\" rel=\"nofollow noopener\" target=\"_blank\" data-ylk=\"elm:link;elmt:article_link;slk:affaires dans le p\u00e9riscolaire;itc:0;sec:content-canvas\" data-yga=\"{&quot;yLinkElement&quot;:&quot;context_link&quot;,&quot;yModuleName&quot;:&quot;content-canvas&quot;,&quot;yLinkText&quot;:&quot;affaires dans le p\u00e9riscolaire&quot;}\" class=\"link \">affaires dans le p\u00e9riscolaire<\/a>, le drame de cette fille de 11 ans, dont le corps a \u00e9t\u00e9 <a href=\"https:\/\/www.20minutes.fr\/faits_divers\/4227266-20260604-direct-disparition-lyanna-corps-decouvert-secteur-fillette-11-ans-volatilisee?at_medium=RSS%20feed&amp;at_campaign=ynews&amp;utm_source=yahoo&amp;utm_medium=rss&amp;utm_campaign=news_feed&amp;utm_content=in_article_link\" rel=\"nofollow noopener\" target=\"_blank\" data-ylk=\"elm:link;elmt:article_link;slk:retrouv\u00e9 dans un silo agricole;itc:0;sec:content-canvas\" data-yga=\"{&quot;yLinkElement&quot;:&quot;context_link&quot;,&quot;yModuleName&quot;:&quot;content-canvas&quot;,&quot;yLinkText&quot;:&quot;retrouv\u00e9 dans un silo agricole&quot;}\" class=\"link \">retrouv\u00e9 dans un silo agricole<\/a>, \u00ab\u00a0c\u2019est l\u2019histoire de trop\u00a0\u00bb, tranche Sawsane.<\/p>\n<p class=\"mb-4 text-lg md:leading-8 break-words\">\u00ab\u00a0On a laiss\u00e9 passer les autres, m\u00eame si on s\u2019est mobilis\u00e9s, mais l\u00e0 la mobilisation est dans toute la France et j\u2019esp\u00e8re qu\u2019on a(&#8230;)<\/p>\n<p class=\"mb-4 text-lg md:leading-8 break-words\"><a href=\"https:\/\/www.20minutes.fr\/societe\/4227965-20260608-affaire-lyhanna-histoire-trop-mobilise-centaines-personnes-paris?at_medium=RSS%20feed&amp;at_campaign=ynews&amp;utm_source=yahoo&amp;utm_medium=rss&amp;utm_campaign=news_feed&amp;utm_content=read_more_link&quot;\" rel=\"nofollow noopener\" target=\"_blank\" data-ylk=\"elm:link;elmt:article_link;slk:Lire la suite sur 20minutes;itc:0;sec:content-canvas\" data-yga=\"{&quot;yLinkElement&quot;:&quot;context_link&quot;,&quot;yModuleName&quot;:&quot;content-canvas&quot;,&quot;yLinkText&quot;:&quot;Lire la suite sur 20minutes&quot;}\" class=\"link \">Lire la suite sur 20minutes<\/a><\/p>\n<p>\u00c0 lire aussi :<br \/><a href=\"https:\/\/www.20minutes.fr\/faits_divers\/4227630-20260607-affaire-lyhanna-milliers-personnes-fleurance-rendre-hommage-collegienne-lors-marche-blanche?at_medium=RSS%20feed&amp;at_campaign=ynews&amp;utm_source=yahoo&amp;utm_medium=rss&amp;utm_campaign=news_feed&amp;utm_content=related_content_link\" rel=\"nofollow noopener\" target=\"_blank\" data-ylk=\"elm:link;elmt:article_link;slk:Affaire Lyhanna\u00a0: Environ 6.000 personnes \u00e0 Fleurance pour rendre hommage \u00e0 la coll\u00e9gienne lors d\u2019une marche blanche;itc:0;sec:content-canvas\" data-yga=\"{&quot;yLinkElement&quot;:&quot;context_link&quot;,&quot;yModuleName&quot;:&quot;content-canvas&quot;,&quot;yLinkText&quot;:&quot;Affaire Lyhanna&amp;nbsp&quot;}\" class=\"link \">Affaire Lyhanna\u00a0: Environ 6.000 personnes \u00e0 Fleurance pour rendre hommage \u00e0 la coll\u00e9gienne lors d\u2019une marche blanche<\/a><br \/><a href=\"https:\/\/www.20minutes.fr\/justice\/4227939-20260608-affaire-lyhanna-reprendre-70-000-plaintes-14-juillet-parait-impossible?at_medium=RSS%20feed&amp;at_campaign=ynews&amp;utm_source=yahoo&amp;utm_medium=rss&amp;utm_campaign=news_feed&amp;utm_content=related_content_link\" rel=\"nofollow noopener\" target=\"_blank\" data-ylk=\"elm:link;elmt:article_link;slk:Affaire Lyhanna\u00a0: Reprendre 70.000 plaintes d\u2019ici au 14\u00a0juillet\u00a0? \u00ab\u00a0Cela nous para\u00eet impossible\u00a0\u00bb;itc:0;sec:content-canvas\" data-yga=\"{&quot;yLinkElement&quot;:&quot;context_link&quot;,&quot;yModuleName&quot;:&quot;content-canvas&quot;,&quot;yLinkText&quot;:&quot;Affaire Lyhanna&amp;nbsp&quot;}\" class=\"link \">Affaire Lyhanna\u00a0: Reprendre 70.000 plaintes d\u2019ici au 14\u00a0juillet\u00a0? \u00ab\u00a0Cela nous para\u00eet impossible\u00a0\u00bb<\/a><\/p>\n","protected":false},"excerpt":{"rendered":"rassemblement &#8211; Quelque 1.700 personnes se sont rassembl\u00e9es sur la petite place parisienne de l\u2019\u00eele de la Cit\u00e9&hellip;\n","protected":false},"author":2,"featured_media":987272,"comment_status":"","ping_status":"","sticky":false,"template":"","format":"standard","meta":{"footnotes":"","_share_on_mastodon":"0"},"categories":[1888],"tags":[1111,1928,11,1927,1777,674,1011,27,4907,103786,12,1926,5020,626,1925,25],"class_list":["post-987271","post","type-post","status-publish","format-standard","has-post-thumbnail","category-paris","tag-actu","tag-actu-paris","tag-actualites","tag-actualites-paris","tag-eu","tag-europe","tag-fr","tag-france","tag-lile-de-la-cite","tag-lepine","tag-news","tag-news-paris","tag-palais-de-justice","tag-paris","tag-paris-news","tag-republique-francaise"],"share_on_mastodon":{"url":"https:\/\/pubeurope.com\/@fr\/116717217812097002","error":""},"_links":{"self":[{"href":"https:\/\/www.europesays.com\/fr\/wp-json\/wp\/v2\/posts\/987271","targetHints":{"allow":["GET"]}}],"collection":[{"href":"https:\/\/www.europesays.com\/fr\/wp-json\/wp\/v2\/posts"}],"about":[{"href":"https:\/\/www.europesays.com\/fr\/wp-json\/wp\/v2\/types\/post"}],"author":[{"embeddable":true,"href":"https:\/\/www.europesays.com\/fr\/wp-json\/wp\/v2\/users\/2"}],"replies":[{"embeddable":true,"href":"https:\/\/www.europesays.com\/fr\/wp-json\/wp\/v2\/comments?post=987271"}],"version-history":[{"count":0,"href":"https:\/\/www.europesays.com\/fr\/wp-json\/wp\/v2\/posts\/987271\/revisions"}],"wp:featuredmedia":[{"embeddable":true,"href":"https:\/\/www.europesays.com\/fr\/wp-json\/wp\/v2\/media\/987272"}],"wp:attachment":[{"href":"https:\/\/www.europesays.com\/fr\/wp-json\/wp\/v2\/media?parent=987271"}],"wp:term":[{"taxonomy":"category","embeddable":true,"href":"https:\/\/www.europesays.com\/fr\/wp-json\/wp\/v2\/categories?post=987271"},{"taxonomy":"post_tag","embeddable":true,"href":"https:\/\/www.europesays.com\/fr\/wp-json\/wp\/v2\/tags?post=987271"}],"curies":[{"name":"wp","href":"https:\/\/api.w.org\/{rel}","templated":true}]}}