{"id":98763,"date":"2025-05-14T07:13:18","date_gmt":"2025-05-14T07:13:18","guid":{"rendered":"https:\/\/www.europesays.com\/fr\/98763\/"},"modified":"2025-05-14T07:13:18","modified_gmt":"2025-05-14T07:13:18","slug":"allemagne-linflation-ipch-confirmee-a-22-sur-un-an-en-avril-14-05-2025-a-0839","status":"publish","type":"post","link":"https:\/\/www.europesays.com\/fr\/98763\/","title":{"rendered":"Allemagne: L&rsquo;inflation IPCH confirm\u00e9e \u00e0 2,2% sur un an en avril &#8211; 14\/05\/2025 \u00e0 08:39"},"content":{"rendered":"<p>        <img fetchpriority=\"high\" decoding=\"async\" src=\"https:\/\/www.europesays.com\/fr\/wp-content\/uploads\/2025\/05\/a408aa82692d805069c8c12a88791f7d-760x507.jpg\" alt=\"Des personnes entrent dans un supermarch\u00e9 discount Penny, \u00e0 Berlin\" loading=\"eager\" width=\"760\" height=\"507\" style=\"max-width: 100%!important; height: auto;\"\/><\/p>\n<p class=\"c-image-news__legend\">Des personnes entrent dans un supermarch\u00e9 discount Penny, \u00e0 Berlin<\/p>\n<p>\n L&rsquo;inflation allemande calcul\u00e9e selon les normes europ\u00e9ennes (IPCH) a ralenti en avril en rythme annuel, montrent les donn\u00e9es d\u00e9finitives publi\u00e9es mercredi par l&rsquo;Office f\u00e9d\u00e9ral de la statistique confirmant les donn\u00e9es pr\u00e9liminaires.\n<\/p>\n<p>\n Alors que l&rsquo;inflation allemande avait atteint 2,3% en mars, elle a recul\u00e9 \u00e0 2,2% en avril, comme indiqu\u00e9 dans l&rsquo;estimation \u00ab\u00a0flash\u00a0\u00bb.\n<\/p>\n<p>\n Sur une base mensuelle, l&rsquo;inflation IPCH a \u00e9galement \u00e9t\u00e9 confirm\u00e9e \u00e0 0,5% ce mois-ci apr\u00e8s +0,4% en mars.\n<\/p>\n<p>\n (R\u00e9dig\u00e9 par Claude Chendjou, \u00e9dit\u00e9 par Augustin Turpin)<\/p>\n","protected":false},"excerpt":{"rendered":"Des personnes entrent dans un supermarch\u00e9 discount Penny, \u00e0 Berlin L&rsquo;inflation allemande calcul\u00e9e selon les normes europ\u00e9ennes (IPCH)&hellip;\n","protected":false},"author":2,"featured_media":98764,"comment_status":"","ping_status":"","sticky":false,"template":"","format":"standard","meta":{"footnotes":""},"categories":[1587],"tags":[400,11,672,398,408,1804,405,1805,1803,1777,674,1801,403,402,399,404,12,1802,401,406,407],"class_list":{"0":"post-98763","1":"post","2":"type-post","3":"status-publish","4":"format-standard","5":"has-post-thumbnail","7":"category-allemagne","8":"tag-action-cac-40","9":"tag-actualites","10":"tag-allemagne","11":"tag-bourse-de-paris","12":"tag-boursorama","13":"tag-bundesrepublik-deutschland","14":"tag-cotations","15":"tag-de","16":"tag-deutschland","17":"tag-eu","18":"tag-europe","19":"tag-germany","20":"tag-indices-devises","21":"tag-investir","22":"tag-investissement","23":"tag-marche-boursier","24":"tag-news","25":"tag-republique-federale-dallemagne","26":"tag-sicav","27":"tag-trackers","28":"tag-warrants"},"share_on_mastodon":{"url":"https:\/\/pubeurope.com\/@fr\/114504951707669650","error":""},"_links":{"self":[{"href":"https:\/\/www.europesays.com\/fr\/wp-json\/wp\/v2\/posts\/98763","targetHints":{"allow":["GET"]}}],"collection":[{"href":"https:\/\/www.europesays.com\/fr\/wp-json\/wp\/v2\/posts"}],"about":[{"href":"https:\/\/www.europesays.com\/fr\/wp-json\/wp\/v2\/types\/post"}],"author":[{"embeddable":true,"href":"https:\/\/www.europesays.com\/fr\/wp-json\/wp\/v2\/users\/2"}],"replies":[{"embeddable":true,"href":"https:\/\/www.europesays.com\/fr\/wp-json\/wp\/v2\/comments?post=98763"}],"version-history":[{"count":0,"href":"https:\/\/www.europesays.com\/fr\/wp-json\/wp\/v2\/posts\/98763\/revisions"}],"wp:featuredmedia":[{"embeddable":true,"href":"https:\/\/www.europesays.com\/fr\/wp-json\/wp\/v2\/media\/98764"}],"wp:attachment":[{"href":"https:\/\/www.europesays.com\/fr\/wp-json\/wp\/v2\/media?parent=98763"}],"wp:term":[{"taxonomy":"category","embeddable":true,"href":"https:\/\/www.europesays.com\/fr\/wp-json\/wp\/v2\/categories?post=98763"},{"taxonomy":"post_tag","embeddable":true,"href":"https:\/\/www.europesays.com\/fr\/wp-json\/wp\/v2\/tags?post=98763"}],"curies":[{"name":"wp","href":"https:\/\/api.w.org\/{rel}","templated":true}]}}