{"id":987678,"date":"2026-06-09T04:56:13","date_gmt":"2026-06-09T04:56:13","guid":{"rendered":"https:\/\/www.europesays.com\/fr\/987678\/"},"modified":"2026-06-09T04:56:13","modified_gmt":"2026-06-09T04:56:13","slug":"saint-sebastien-sur-loire-la-gare-danjou-accueille-une-exposition-de-peintures-ce-week-end","status":"publish","type":"post","link":"https:\/\/www.europesays.com\/fr\/987678\/","title":{"rendered":"Saint-S\u00e9bastien-sur-Loire. La gare d\u2019Anjou accueille une exposition de peintures ce week-end"},"content":{"rendered":"<p>\u00c9liane Gu\u00e9rin pr\u00e9sente son exposition baptis\u00e9e Ombres et lumi\u00e8re.<\/p>\n<p>Cette artiste est autodidacte. Par sa douceur et son impr\u00e9visibilit\u00e9, la peinture s\u2019est impos\u00e9e \u00e0 elle. L\u2019art, dans son \u00e9loquence silencieuse, s\u2019adresse souvent directement aux sens, d\u00e9passant les limites de l\u2019esprit.<\/p>\n<p>L\u2019artiste fait confiance au pouvoir du visuel. Celui-ci permet \u00e0 ses peintures de transmettre des \u00e9motions et des r\u00e9cits qui transcendent les fronti\u00e8res du langage.<\/p>\n<p>Exposition \u00e0 la gare d\u2019Anjou, samedi\u00a013 et dimanche 14\u00a0juin, de 11\u00a0h \u00e0 19\u00a0h. Entr\u00e9e libre. Vernissage le 13\u00a0juin \u00e0 18\u00a0h.<\/p>\n<p>\u00a0<\/p>\n","protected":false},"excerpt":{"rendered":"\u00c9liane Gu\u00e9rin pr\u00e9sente son exposition baptis\u00e9e Ombres et lumi\u00e8re. Cette artiste est autodidacte. Par sa douceur et son&hellip;\n","protected":false},"author":2,"featured_media":987679,"comment_status":"","ping_status":"","sticky":false,"template":"","format":"standard","meta":{"footnotes":"","_share_on_mastodon":"0"},"categories":[2818],"tags":[7617,1111,11,18314,1777,674,3293,1011,27,7533,766,12,2636,4152,25,3272,3524,4064],"class_list":["post-987678","post","type-post","status-publish","format-standard","has-post-thumbnail","category-nantes","tag-accueille","tag-actu","tag-actualites","tag-anjou","tag-eu","tag-europe","tag-exposition","tag-fr","tag-france","tag-gare","tag-nantes","tag-news","tag-pays-de-la-loire","tag-peintures","tag-republique-francaise","tag-saint-nazaire","tag-saint-sebastien-sur-loire","tag-week-end"],"share_on_mastodon":{"url":"https:\/\/pubeurope.com\/@fr\/116718376545061089","error":""},"_links":{"self":[{"href":"https:\/\/www.europesays.com\/fr\/wp-json\/wp\/v2\/posts\/987678","targetHints":{"allow":["GET"]}}],"collection":[{"href":"https:\/\/www.europesays.com\/fr\/wp-json\/wp\/v2\/posts"}],"about":[{"href":"https:\/\/www.europesays.com\/fr\/wp-json\/wp\/v2\/types\/post"}],"author":[{"embeddable":true,"href":"https:\/\/www.europesays.com\/fr\/wp-json\/wp\/v2\/users\/2"}],"replies":[{"embeddable":true,"href":"https:\/\/www.europesays.com\/fr\/wp-json\/wp\/v2\/comments?post=987678"}],"version-history":[{"count":0,"href":"https:\/\/www.europesays.com\/fr\/wp-json\/wp\/v2\/posts\/987678\/revisions"}],"wp:featuredmedia":[{"embeddable":true,"href":"https:\/\/www.europesays.com\/fr\/wp-json\/wp\/v2\/media\/987679"}],"wp:attachment":[{"href":"https:\/\/www.europesays.com\/fr\/wp-json\/wp\/v2\/media?parent=987678"}],"wp:term":[{"taxonomy":"category","embeddable":true,"href":"https:\/\/www.europesays.com\/fr\/wp-json\/wp\/v2\/categories?post=987678"},{"taxonomy":"post_tag","embeddable":true,"href":"https:\/\/www.europesays.com\/fr\/wp-json\/wp\/v2\/tags?post=987678"}],"curies":[{"name":"wp","href":"https:\/\/api.w.org\/{rel}","templated":true}]}}