{"id":98773,"date":"2025-05-14T07:18:08","date_gmt":"2025-05-14T07:18:08","guid":{"rendered":"https:\/\/www.europesays.com\/fr\/98773\/"},"modified":"2025-05-14T07:18:08","modified_gmt":"2025-05-14T07:18:08","slug":"coupe-de-france-vtt-lestrade-et-rodriguez-vers-une-nouvelle-victoire","status":"publish","type":"post","link":"https:\/\/www.europesays.com\/fr\/98773\/","title":{"rendered":"coupe de France VTT, Lestrade et Rodriguez vers une nouvelle victoire ?"},"content":{"rendered":"<p>Apr\u00e8s sa victoire \u00e0 Gu\u00e9ret aux termes d&rsquo;un excellent d\u00e9part et d&rsquo;une course ma\u00eetris\u00e9e, Morgane Lestrade s&rsquo;est install\u00e9e en t\u00eate du classement g\u00e9n\u00e9ral. Une place et un statut de favori sur ses \u00e9paules qui oblige la Gapen\u00e7aise \u00e0 faire de cette comp\u00e9tition un objectif. \u00ab\u00a0Gagner \u00e0 Gu\u00e9ret a \u00e9t\u00e9 incroyable. C&rsquo;\u00e9tait g\u00e9nial. J&rsquo;esp\u00e8re en faire de m\u00eame sur les autres manches que je vais normalement toutes faire\u00a0\u00bb, a-t-elle confi\u00e9 \u00e0 Fontvielle en d\u00e9but de mois, lors du Tour des BdR o\u00f9 elle s&rsquo;est impos\u00e9e chez les filles.<\/p>\n<p>D&rsquo;autres Proven\u00e7aux en lice dans les Vosges<\/p>\n<p>Pour bien pr\u00e9parer son rendez-vous dans les Vosges, la cadette deuxi\u00e8me ann\u00e9e a respect\u00e9 une coupure \u00ab\u00a0pour se reposer et ne plus encha\u00eener les comp\u00e9titions\u00a0\u00bb sur route et sur VTT. Gr\u00e2ce son emploi du temps scolaire am\u00e9nag\u00e9, elle peut s&rsquo;entra\u00eener trois apr\u00e8s-midi par semaine sous les conseils de son coach Joris Bagnol dont l&rsquo;exp\u00e9rience d&rsquo;ancien v\u00e9t\u00e9tiste de haut niveau s&rsquo;av\u00e8re pr\u00e9cieuse pour la talentueuse coureuse.<\/p>\n<p>Deuxi\u00e8me \u00e0 Luminy, vainqueur \u00e0 Gu\u00e9ret, Lucas Rodriguez aborde cette troisi\u00e8me manche avec s\u00e9r\u00e9nit\u00e9. L&rsquo;Aixois fait partie aussi de l&rsquo;\u00e9curie Team Bagnol D\u00e9veloppement. Habitu\u00e9 des manches de Coupe de R\u00e9gion comme celles de Coupe de France, 6e des championnats de France l&rsquo;an dernier, le pensionnaire de l&rsquo;Amicale Cycliste Marseille-Est est le grand favori de cette manche vosgienne.<\/p>\n<p>D&rsquo;autres Proven\u00e7aux sont aussi en lice. Parmi eux, les Vauclusiens Noa Filippi et Lise Revol en juniors series, et la Plan-de-Cuquoise Pauline Lafont en Open Femmes sont des candidats \u00e0 la victoire.<\/p>\n","protected":false},"excerpt":{"rendered":"Apr\u00e8s sa victoire \u00e0 Gu\u00e9ret aux termes d&rsquo;un excellent d\u00e9part et d&rsquo;une course ma\u00eetris\u00e9e, Morgane Lestrade s&rsquo;est install\u00e9e&hellip;\n","protected":false},"author":2,"featured_media":98774,"comment_status":"","ping_status":"","sticky":false,"template":"","format":"standard","meta":{"footnotes":""},"categories":[4],"tags":[17,11,615,207,1011,27,21310,12,25,21311,60,13703,8012],"class_list":{"0":"post-98773","1":"post","2":"type-post","3":"status-publish","4":"format-standard","5":"has-post-thumbnail","7":"category-france","8":"tag-17","9":"tag-actualites","10":"tag-coupe","11":"tag-cyclisme","12":"tag-fr","13":"tag-france","14":"tag-lestrade","15":"tag-news","16":"tag-republique-francaise","17":"tag-rodriguez","18":"tag-sports","19":"tag-vers","20":"tag-vtt"},"share_on_mastodon":{"url":"https:\/\/pubeurope.com\/@fr\/114504971710826874","error":""},"_links":{"self":[{"href":"https:\/\/www.europesays.com\/fr\/wp-json\/wp\/v2\/posts\/98773","targetHints":{"allow":["GET"]}}],"collection":[{"href":"https:\/\/www.europesays.com\/fr\/wp-json\/wp\/v2\/posts"}],"about":[{"href":"https:\/\/www.europesays.com\/fr\/wp-json\/wp\/v2\/types\/post"}],"author":[{"embeddable":true,"href":"https:\/\/www.europesays.com\/fr\/wp-json\/wp\/v2\/users\/2"}],"replies":[{"embeddable":true,"href":"https:\/\/www.europesays.com\/fr\/wp-json\/wp\/v2\/comments?post=98773"}],"version-history":[{"count":0,"href":"https:\/\/www.europesays.com\/fr\/wp-json\/wp\/v2\/posts\/98773\/revisions"}],"wp:featuredmedia":[{"embeddable":true,"href":"https:\/\/www.europesays.com\/fr\/wp-json\/wp\/v2\/media\/98774"}],"wp:attachment":[{"href":"https:\/\/www.europesays.com\/fr\/wp-json\/wp\/v2\/media?parent=98773"}],"wp:term":[{"taxonomy":"category","embeddable":true,"href":"https:\/\/www.europesays.com\/fr\/wp-json\/wp\/v2\/categories?post=98773"},{"taxonomy":"post_tag","embeddable":true,"href":"https:\/\/www.europesays.com\/fr\/wp-json\/wp\/v2\/tags?post=98773"}],"curies":[{"name":"wp","href":"https:\/\/api.w.org\/{rel}","templated":true}]}}