{"id":987809,"date":"2026-06-09T06:18:41","date_gmt":"2026-06-09T06:18:41","guid":{"rendered":"https:\/\/www.europesays.com\/fr\/987809\/"},"modified":"2026-06-09T06:18:41","modified_gmt":"2026-06-09T06:18:41","slug":"lyon-bd-festival-le-film-persepolis-a-lhonneur","status":"publish","type":"post","link":"https:\/\/www.europesays.com\/fr\/987809\/","title":{"rendered":"Lyon BD Festival. Le film Persepolis \u00e0 l\u2019honneur &#8211;"},"content":{"rendered":"<p>\t\t\t\t<img fetchpriority=\"high\" decoding=\"async\" width=\"900\" height=\"675\" src=\"https:\/\/www.europesays.com\/fr\/wp-content\/uploads\/2026\/06\/01-Persepolis.png\" alt=\"\" title=\"01 Persepolis\"   class=\"wp-image-177766\"\/><\/p>\n<p><strong>Texte : Matthias Arguel \u2013 <\/strong>A\u00a0l\u2019occasion du Lyon BD Festival, le cin\u00e9ma Path\u00e9 Bellecour proposera, en collaboration avec l\u2019Association culturelle franco-iranienne, une diffusion du film d\u2019animation Persepolis.<\/p>\n<p>C\u2019est dans un contexte particulier que cette s\u00e9ance aura lieu. La r\u00e9cente disparition de l\u2019auteure de cette \u0153uvre majeure, survenue le 4 juin, donne \u00e0 cette projection une dimension d\u2019hommage pour la communaut\u00e9 iranienne de Lyon ainsi que pour les amateurs de son \u0153uvre.<\/p>\n<p><strong>Sa vie, son \u0153uvre<\/strong><\/p>\n<p><strong>Marjane Satrapi<\/strong>, auteure franco-iranienne, a r\u00e9alis\u00e9 son autobiographie \u00e0 travers les quatre tomes d\u2019une bande dessin\u00e9e en noir et blanc, parus au d\u00e9but des ann\u00e9es 2000. \u00c0 travers son histoire personnelle, elle y raconte \u00e9galement l\u2019histoire de l\u2019Iran contemporain et les bouleversements politiques et sociaux qu\u2019a connu le pays.<\/p>\n<p><img loading=\"lazy\" decoding=\"async\" class=\"alignnone wp-image-177765\" src=\"data:image\/svg+xml,%3Csvg%20xmlns=\" http:=\"\" alt=\"\" width=\"739\" height=\"389\" data-lazy- data-lazy- data-lazy-src=\"https:\/\/www.europesays.com\/fr\/wp-content\/uploads\/2026\/06\/03-Persepolis.jpg\"\/><\/p>\n<p>Son \u0153uvre sera port\u00e9e sur grand \u00e9cran en 2007 sous forme de film d\u2019animation, Persepolis, qui recevra notamment le Prix du Jury au Festival de Cannes.<\/p>\n<p><strong>Une femme engag\u00e9e sur la condition des femmes et la soci\u00e9t\u00e9 iranienne<\/strong><\/p>\n<p>A travers son r\u00e9cit, Marjane Satrapi met en lumi\u00e8re les transformations profondes de la soci\u00e9t\u00e9 iranienne apr\u00e8s la r\u00e9volution islamique de 1979. Elle y d\u00e9crit les cons\u00e9quences du durcissement religieux sur la vie quotidienne, notamment sur les libert\u00e9s individuelles et la condition des femmes.<\/p>\n<p>Son travail t\u00e9moigne \u00e9galement du parcours de nombreuses femmes contraintes de quitter leur pays pour \u00e9chapper \u00e0 un syst\u00e8me r\u00e9pressif, et trouver en Occident un espace de libert\u00e9.<\/p>\n<p><strong>Mardi 9 juin 2026 \u00e0 20h<br \/>Path\u00e9 Bellecour<br \/>Tarifs\u00a0: entre 6 et 9\u20ac<\/strong><\/p>\n","protected":false},"excerpt":{"rendered":"Texte : Matthias Arguel \u2013 A\u00a0l\u2019occasion du Lyon BD Festival, le cin\u00e9ma Path\u00e9 Bellecour proposera, en collaboration avec&hellip;\n","protected":false},"author":2,"featured_media":987810,"comment_status":"","ping_status":"","sticky":false,"template":"","format":"standard","meta":{"footnotes":"","_share_on_mastodon":"0"},"categories":[1889],"tags":[4257,1111,47,4258,11,2430,1777,674,103812,1011,27,2428,12,103813,25],"class_list":["post-987809","post","type-post","status-publish","format-standard","has-post-thumbnail","category-lyon","tag-0top","tag-actu","tag-actualite","tag-actualite-lyon","tag-actualites","tag-auvergne-rhone-alpes","tag-eu","tag-europe","tag-film-animation","tag-fr","tag-france","tag-lyon","tag-news","tag-persepolis","tag-republique-francaise"],"share_on_mastodon":{"url":"https:\/\/pubeurope.com\/@fr\/116718699222213716","error":""},"_links":{"self":[{"href":"https:\/\/www.europesays.com\/fr\/wp-json\/wp\/v2\/posts\/987809","targetHints":{"allow":["GET"]}}],"collection":[{"href":"https:\/\/www.europesays.com\/fr\/wp-json\/wp\/v2\/posts"}],"about":[{"href":"https:\/\/www.europesays.com\/fr\/wp-json\/wp\/v2\/types\/post"}],"author":[{"embeddable":true,"href":"https:\/\/www.europesays.com\/fr\/wp-json\/wp\/v2\/users\/2"}],"replies":[{"embeddable":true,"href":"https:\/\/www.europesays.com\/fr\/wp-json\/wp\/v2\/comments?post=987809"}],"version-history":[{"count":0,"href":"https:\/\/www.europesays.com\/fr\/wp-json\/wp\/v2\/posts\/987809\/revisions"}],"wp:featuredmedia":[{"embeddable":true,"href":"https:\/\/www.europesays.com\/fr\/wp-json\/wp\/v2\/media\/987810"}],"wp:attachment":[{"href":"https:\/\/www.europesays.com\/fr\/wp-json\/wp\/v2\/media?parent=987809"}],"wp:term":[{"taxonomy":"category","embeddable":true,"href":"https:\/\/www.europesays.com\/fr\/wp-json\/wp\/v2\/categories?post=987809"},{"taxonomy":"post_tag","embeddable":true,"href":"https:\/\/www.europesays.com\/fr\/wp-json\/wp\/v2\/tags?post=987809"}],"curies":[{"name":"wp","href":"https:\/\/api.w.org\/{rel}","templated":true}]}}