{"id":98784,"date":"2025-05-14T07:26:08","date_gmt":"2025-05-14T07:26:08","guid":{"rendered":"https:\/\/www.europesays.com\/fr\/98784\/"},"modified":"2025-05-14T07:26:08","modified_gmt":"2025-05-14T07:26:08","slug":"classement-uci-cumule-3-equipes-dans-un-mouchoir-de-poche","status":"publish","type":"post","link":"https:\/\/www.europesays.com\/fr\/98784\/","title":{"rendered":"Classement UCI cumul\u00e9 : 3 \u00e9quipes dans un mouchoir de poche"},"content":{"rendered":"<p>3 \u00e9quipes se tiennent dans un mouchoir de poche cette semaine au classement UCI cumul\u00e9. En effet, seulement <strong><a href=\"https:\/\/www.youtube.com\/@VeloClubDuNet\" target=\"_blank\" rel=\"noreferrer noopener\">700 points environ s\u00e9parent XDS Astana<\/a><\/strong>, 19\u00e8me, de Cofidis, 17\u00e8me. Et si XDS \u2013 Astana devrait logiquement continuer sa marche en avant et prendre le large dans les semaines \u00e0 venir, la lutte s\u2019annonce intense entre la Team PicNic et Cofidis.<\/p>\n<p>D\u2019autant plus que la formation n\u00e9erlandaise a cr\u00e9\u00e9 la surprise mardi en remportant une \u00e9tape du Giro gr\u00e2ce \u00e0 <strong><a href=\"https:\/\/www.velo-club.net\/resultats\/casper-van-uden-sadjuge-la-4eme-etape-du-tour-ditalie\/\" target=\"_blank\" rel=\"noopener\">Casper Van Uden<\/a><\/strong>. Et bien entendu, les 180 points qui vont avec.<\/p>\n<p class=\"has-text-align-center\"><strong>Classement cumul\u00e9 UCI au 14 mai 2025<\/strong><\/p>\n<tr>\n<td><strong\/><\/td>\n<td\/>\n<td><strong>2023<\/strong><\/td>\n<td><strong>2024<\/strong><\/td>\n<td><strong>2025<\/strong><\/td>\n<td><strong>Total<\/strong><\/td>\n<\/tr>\n<tr>\n<td>17<\/td>\n<td>COFIDIS<\/td>\n<td><strong>10\u00a0437<\/strong><\/td>\n<td><strong>7\u00a0890<\/strong><\/td>\n<td><strong>3\u00a0514<\/strong><\/td>\n<td><strong>21\u00a0841<\/strong><\/td>\n<\/tr>\n<tr>\n<td>18<\/td>\n<td>TEAM PICNIC<\/td>\n<td><strong>9\u00a0102<\/strong><\/td>\n<td><strong>9\u00a0647<\/strong><\/td>\n<td><strong>2\u00a0493<\/strong><\/td>\n<td><strong>21\u00a0242<\/strong><\/td>\n<\/tr>\n<tr>\n<td>19<\/td>\n<td>XDS ASTANA<\/td>\n<td><strong>7\u00a0044<\/strong><\/td>\n<td><strong>6\u00a0575<\/strong><\/td>\n<td><strong>7\u00a0563<\/strong><\/td>\n<td><strong>21\u00a0182<\/strong><\/td>\n<\/tr>\n<tr>\n<td>20<\/td>\n<td>UNO-X<\/td>\n<td><strong>6\u00a0569<\/strong><\/td>\n<td><strong>8\u00a0939<\/strong><\/td>\n<td><strong>4\u00a0473<\/strong><\/td>\n<td><strong>19\u00a0981<\/strong><\/td>\n<\/tr>\n<tr>\n<td>21<\/td>\n<td>ARKEA B&amp;B HOTEL<\/td>\n<td><strong>7\u00a0229<\/strong><\/td>\n<td><strong>8\u00a0710<\/strong><\/td>\n<td><strong>2\u00a0755<\/strong><\/td>\n<td><strong>18\u00a0694<\/strong><\/td>\n<\/tr>\n","protected":false},"excerpt":{"rendered":"3 \u00e9quipes se tiennent dans un mouchoir de poche cette semaine au classement UCI cumul\u00e9. En effet, seulement&hellip;\n","protected":false},"author":2,"featured_media":98785,"comment_status":"","ping_status":"","sticky":false,"template":"","format":"standard","meta":{"footnotes":""},"categories":[1411],"tags":[2202,1154,207,1011,27,60],"class_list":{"0":"post-98784","1":"post","2":"type-post","3":"status-publish","4":"format-standard","5":"has-post-thumbnail","7":"category-cyclisme","8":"tag-a-decouvrir","9":"tag-cycling","10":"tag-cyclisme","11":"tag-fr","12":"tag-france","13":"tag-sports"},"share_on_mastodon":{"url":"https:\/\/pubeurope.com\/@fr\/114505002708184105","error":""},"_links":{"self":[{"href":"https:\/\/www.europesays.com\/fr\/wp-json\/wp\/v2\/posts\/98784","targetHints":{"allow":["GET"]}}],"collection":[{"href":"https:\/\/www.europesays.com\/fr\/wp-json\/wp\/v2\/posts"}],"about":[{"href":"https:\/\/www.europesays.com\/fr\/wp-json\/wp\/v2\/types\/post"}],"author":[{"embeddable":true,"href":"https:\/\/www.europesays.com\/fr\/wp-json\/wp\/v2\/users\/2"}],"replies":[{"embeddable":true,"href":"https:\/\/www.europesays.com\/fr\/wp-json\/wp\/v2\/comments?post=98784"}],"version-history":[{"count":0,"href":"https:\/\/www.europesays.com\/fr\/wp-json\/wp\/v2\/posts\/98784\/revisions"}],"wp:featuredmedia":[{"embeddable":true,"href":"https:\/\/www.europesays.com\/fr\/wp-json\/wp\/v2\/media\/98785"}],"wp:attachment":[{"href":"https:\/\/www.europesays.com\/fr\/wp-json\/wp\/v2\/media?parent=98784"}],"wp:term":[{"taxonomy":"category","embeddable":true,"href":"https:\/\/www.europesays.com\/fr\/wp-json\/wp\/v2\/categories?post=98784"},{"taxonomy":"post_tag","embeddable":true,"href":"https:\/\/www.europesays.com\/fr\/wp-json\/wp\/v2\/tags?post=98784"}],"curies":[{"name":"wp","href":"https:\/\/api.w.org\/{rel}","templated":true}]}}