{"id":987918,"date":"2026-06-09T07:37:20","date_gmt":"2026-06-09T07:37:20","guid":{"rendered":"https:\/\/www.europesays.com\/fr\/987918\/"},"modified":"2026-06-09T07:37:20","modified_gmt":"2026-06-09T07:37:20","slug":"lyon-bd-festival-le-film-persepolis-projete-en-hommage-a-marjane-satrapi","status":"publish","type":"post","link":"https:\/\/www.europesays.com\/fr\/987918\/","title":{"rendered":"Lyon BD Festival : le film \u00ab\u00a0Persepolis\u00a0\u00bb projet\u00e9 en hommage \u00e0 Marjane Satrapi"},"content":{"rendered":"<p>\u00c0 quelques jours du coup d&rsquo;envoi du Lyon BD Festival, le film \u00ab\u00a0Persepolis\u00a0\u00bb adapt\u00e9 de la bande dessin\u00e9e de Marjane Satrapi, sera projet\u00e9 ce mardi 9 juin au cin\u00e9ma Path\u00e9 Bellecour, en hommage \u00e0 l&rsquo;autrice disparue le 4 juin dernier.<\/p>\n<p>Cette \u0153uvre aura marqu\u00e9 \u00e0 la fois la bande dessin\u00e9e et le cin\u00e9ma. <br \/>Le film d&rsquo;animation <b>Persepolis<\/b>, adapt\u00e9 de la BD du m\u00eame nom, sera projet\u00e9 ce mardi soir au cin\u00e9ma Path\u00e9 Bellecour. Un \u00e9v\u00e9nement organis\u00e9 dans le cadre du <a class=\"url\" href=\"https:\/\/www.lyonbd.com\/\" target=\"_blank\" rel=\"nofollow noopener\">Lyon BD Festival<\/a> en hommage \u00e0 l&rsquo;auteure <b>Marjane Satrapi<\/b>, d\u00e9c\u00e9d\u00e9e le 4 juin dernier.\u00a0<\/p>\n<p>Il reste des places<\/p>\n<p>Cette s\u00e9ance sp\u00e9ciale sera anim\u00e9e par Lyon BD Festival et pr\u00e9sent\u00e9e par Hermin\u00e9e Nurpetlian, la pr\u00e9sidente du festival et Aman Yamin de l&rsquo;association Franco-iranienne.<\/p>\n<p>D\u00e9but de la s\u00e9ance \u00e0 20h au cin\u00e9ma Path\u00e9 Bellecour \u00e0 Lyon.<br \/>R\u00e9servation conseill\u00e9e.\u00a0<\/p>\n<p><\/p>\n","protected":false},"excerpt":{"rendered":"\u00c0 quelques jours du coup d&rsquo;envoi du Lyon BD Festival, le film \u00ab\u00a0Persepolis\u00a0\u00bb adapt\u00e9 de la bande dessin\u00e9e&hellip;\n","protected":false},"author":2,"featured_media":987919,"comment_status":"","ping_status":"","sticky":false,"template":"","format":"standard","meta":{"footnotes":"","_share_on_mastodon":"0"},"categories":[1889],"tags":[1111,11,2430,9993,5272,1972,1777,674,849,1011,27,103827,2428,103826,12,85626,103813,25],"class_list":["post-987918","post","type-post","status-publish","format-standard","has-post-thumbnail","category-lyon","tag-actu","tag-actualites","tag-auvergne-rhone-alpes","tag-bd","tag-bellecour","tag-cinma","tag-eu","tag-europe","tag-festival","tag-fr","tag-france","tag-lyn","tag-lyon","tag-marjane-satrapi","tag-news","tag-path","tag-persepolis","tag-republique-francaise"],"share_on_mastodon":{"url":"","error":""},"_links":{"self":[{"href":"https:\/\/www.europesays.com\/fr\/wp-json\/wp\/v2\/posts\/987918","targetHints":{"allow":["GET"]}}],"collection":[{"href":"https:\/\/www.europesays.com\/fr\/wp-json\/wp\/v2\/posts"}],"about":[{"href":"https:\/\/www.europesays.com\/fr\/wp-json\/wp\/v2\/types\/post"}],"author":[{"embeddable":true,"href":"https:\/\/www.europesays.com\/fr\/wp-json\/wp\/v2\/users\/2"}],"replies":[{"embeddable":true,"href":"https:\/\/www.europesays.com\/fr\/wp-json\/wp\/v2\/comments?post=987918"}],"version-history":[{"count":0,"href":"https:\/\/www.europesays.com\/fr\/wp-json\/wp\/v2\/posts\/987918\/revisions"}],"wp:featuredmedia":[{"embeddable":true,"href":"https:\/\/www.europesays.com\/fr\/wp-json\/wp\/v2\/media\/987919"}],"wp:attachment":[{"href":"https:\/\/www.europesays.com\/fr\/wp-json\/wp\/v2\/media?parent=987918"}],"wp:term":[{"taxonomy":"category","embeddable":true,"href":"https:\/\/www.europesays.com\/fr\/wp-json\/wp\/v2\/categories?post=987918"},{"taxonomy":"post_tag","embeddable":true,"href":"https:\/\/www.europesays.com\/fr\/wp-json\/wp\/v2\/tags?post=987918"}],"curies":[{"name":"wp","href":"https:\/\/api.w.org\/{rel}","templated":true}]}}