{"id":98794,"date":"2025-05-14T07:31:10","date_gmt":"2025-05-14T07:31:10","guid":{"rendered":"https:\/\/www.europesays.com\/fr\/98794\/"},"modified":"2025-05-14T07:31:10","modified_gmt":"2025-05-14T07:31:10","slug":"anne-sophie-lapix-une-cote-brisee-en-plein-jt-son-invite-exceptionnel-la-surprend","status":"publish","type":"post","link":"https:\/\/www.europesays.com\/fr\/98794\/","title":{"rendered":"Anne-Sophie Lapix : une c\u00f4te bris\u00e9e en plein JT, son invit\u00e9 exceptionnel la surprend"},"content":{"rendered":"<p>      R\u00e9sum\u00e9<\/p>\n<p>Lors d&rsquo;un entretien au JT, Robert De Niro r\u00e9v\u00e8le les d\u00e9fis et les risques du tournage de \u00ab\u00a0Raging Bull\u00a0\u00bb, partageant une anecdote surprenante sur une sc\u00e8ne avec Joe Pesci.<\/p>\n<p>        Sommaire<\/p>\n<p>Silence, moteur&#8230; action ! <strong>La 78e \u00e9dition du Festival de Cannes<\/strong> a officiellement d\u00e9marr\u00e9 ce mardi 13 mai 2025. Jusqu&rsquo;au 24 mai prochain, le sud de la France se transforme en v\u00e9ritable temple du cin\u00e9ma, sous les projecteurs du monde entier. <\/p>\n<p>Comme chaque ann\u00e9e, tous les regards sont braqu\u00e9s sur le mythique Palais des Festivals\u2026 et sur son tapis rouge foul\u00e9 par les plus grandes stars.<\/p>\n<p>D\u00e8s la soir\u00e9e d&rsquo;ouverture, une rencontre de l\u00e9gende a d&rsquo;ailleurs marqu\u00e9 les esprits. <strong><a href=\"https:\/\/www.public.fr\/tag\/anne-sophie-lapix\" rel=\"nofollow noopener\" target=\"_blank\">Anne-Sophie Lapix<\/a> a eu le privil\u00e8ge de s&rsquo;entretenir avec <a href=\"https:\/\/www.public.fr\/tag\/robert-de-niro\" rel=\"nofollow noopener\" target=\"_blank\">Robert De Niro<\/a>,<\/strong> ic\u00f4ne absolue du 7e art. <\/p>\n<p>Confidences surprises pour Anne-Sophie Lapix <\/p>\n<p>Interview\u00e9 pour <a href=\"https:\/\/x.com\/le20hfrancetele\" target=\"_blank\" rel=\"noreferrer noopener nofollow\">le JT de 20 h<\/a>, l&rsquo;acteur oscaris\u00e9 s&rsquo;est confi\u00e9 sur les coulisses parfois muscl\u00e9es de sa carri\u00e8re. Il a notamment \u00e9voqu\u00e9 <strong>le tournage de Raging Bull<\/strong>, film culte pour lequel il n&rsquo;a pas h\u00e9sit\u00e9 \u00e0 prendre des kilos\u2026 et des coups ! Eh oui&#8230; <strong>De Niro a carr\u00e9ment appris \u00e0 boxer<\/strong> pour entrer dans la peau de Jake LaMotta. <\/p>\n<p>\u00ab\u00a0Je me suis beaucoup entra\u00een\u00e9, mais je n&rsquo;\u00e9tais pas un combattant\u00a0\u00bb, a-t-il expliqu\u00e9 devant les cam\u00e9ras de France 2 avant d&rsquo;en dire davantage sur les difficult\u00e9s qu&rsquo;il a pu rencontrer : \u00ab\u00a0Quand on boxe dans les films, selon mon exp\u00e9rience, il faut faire attention et tout est chor\u00e9graphi\u00e9, c&rsquo;est tr\u00e8s facile de se blesser\u00a0\u00bb.<\/p>\n<p>La preuve ! Son partenaire Joe Pesci, alias Joey LaMotta, n&rsquo;a pas \u00e9t\u00e9 \u00e9pargn\u00e9. \u00ab\u00a0<strong>Dans une sc\u00e8ne o\u00f9 je lui mets un coup, je lui ai bris\u00e9 une c\u00f4te. Il a pu continuer \u00e0 travailler, mais il faut faire tr\u00e8s attention<\/strong>\u00ab\u00a0, s&rsquo;est souvenu Robert De Niro. Des confidences qui ont fait le bonheur des cin\u00e9philes. <\/p>\n<blockquote class=\"twitter-tweet\">\n<p>\ud83d\udd34\ud83d\udde3 \u00ab\u00a0Dans une sc\u00e8ne avec Joe Pesci, je lui ai bris\u00e9 une c\u00f4te\u00a0\u00bb<\/p>\n<p>\u00c0 Cannes, Robert De Niro revient sur des anecdotes de tournage lors de sc\u00e8nes de combat. Il affirme que \u00ab\u00a0c&rsquo;est tr\u00e8s facile de se blesser (&#8230;) il faut faire tr\u00e8s attention\u00a0\u00bb.<\/p>\n<p>\ud83d\udcfa<a href=\"https:\/\/twitter.com\/hashtag\/JT20h?src=hash&amp;ref_src=twsrc%5Etfw\" rel=\"nofollow noopener\" target=\"_blank\">#JT20h<\/a> <a href=\"https:\/\/twitter.com\/hashtag\/Cannes2025?src=hash&amp;ref_src=twsrc%5Etfw\" rel=\"nofollow noopener\" target=\"_blank\">#Cannes2025<\/a> <a href=\"https:\/\/t.co\/JAcsutGXdW\" rel=\"nofollow\">pic.twitter.com\/JAcsutGXdW<\/a><\/p>\n<p>\u2014 Le20h-France T\u00e9l\u00e9visions (@le20hfrancetele) <a href=\"https:\/\/twitter.com\/le20hfrancetele\/status\/1922365032018432118?ref_src=twsrc%5Etfw\" rel=\"nofollow noopener\" target=\"_blank\">May 13, 2025<\/a><\/p><\/blockquote>\n<p>Robert De Niro r\u00e9compens\u00e9 \u00e0 Cannes<\/p>\n<p>Si Robert De Niro a fait le d\u00e9placement jusqu&rsquo;\u00e0 la Croisette cette ann\u00e9e, ce n&rsquo;est pas seulement pour profiter du soleil cannois. <\/p>\n<p>L&rsquo;acteur a en effet \u00e9t\u00e9 convi\u00e9 sp\u00e9cialement pour recevoir <strong>la Palme d&rsquo;or d&rsquo;honneur<\/strong>, r\u00e9compense ultime pour une carri\u00e8re aussi mythique qu&rsquo;inoubliable. <\/p>\n<p>Et pour marquer le coup, c&rsquo;est son complice de longue date, Leonardo DiCaprio en personne, qui a travers\u00e9 l&rsquo;Atlantique pour lui remettre le pr\u00e9cieux troph\u00e9e. <\/p>\n<p>Un moment riche en \u00e9motions, grav\u00e9 \u00e0 jamais dans l&rsquo;histoire du Festival, tant par la symbolique que par l&rsquo;ovation.<\/p>\n<p>      Mentionn\u00e9s dans cet article<\/p>\n<p>\u00c0 lire aussi<\/p>\n<p><script async src=\"https:\/\/platform.twitter.com\/widgets.js\" charset=\"utf-8\"><\/script><\/p>\n","protected":false},"excerpt":{"rendered":"R\u00e9sum\u00e9 Lors d&rsquo;un entretien au JT, Robert De Niro r\u00e9v\u00e8le les d\u00e9fis et les risques du tournage de&hellip;\n","protected":false},"author":2,"featured_media":98795,"comment_status":"","ping_status":"","sticky":false,"template":"","format":"standard","meta":{"footnotes":""},"categories":[1356],"tags":[21313,7306,58,59,1011,27,17008,252,1364],"class_list":{"0":"post-98794","1":"post","2":"type-post","3":"status-publish","4":"format-standard","5":"has-post-thumbnail","7":"category-television","8":"tag-anne-sophie-lapix","9":"tag-cannes","10":"tag-divertissement","11":"tag-entertainment","12":"tag-fr","13":"tag-france","14":"tag-robert-de-niro","15":"tag-television","16":"tag-tv"},"share_on_mastodon":{"url":"https:\/\/pubeurope.com\/@fr\/114505022563082135","error":""},"_links":{"self":[{"href":"https:\/\/www.europesays.com\/fr\/wp-json\/wp\/v2\/posts\/98794","targetHints":{"allow":["GET"]}}],"collection":[{"href":"https:\/\/www.europesays.com\/fr\/wp-json\/wp\/v2\/posts"}],"about":[{"href":"https:\/\/www.europesays.com\/fr\/wp-json\/wp\/v2\/types\/post"}],"author":[{"embeddable":true,"href":"https:\/\/www.europesays.com\/fr\/wp-json\/wp\/v2\/users\/2"}],"replies":[{"embeddable":true,"href":"https:\/\/www.europesays.com\/fr\/wp-json\/wp\/v2\/comments?post=98794"}],"version-history":[{"count":0,"href":"https:\/\/www.europesays.com\/fr\/wp-json\/wp\/v2\/posts\/98794\/revisions"}],"wp:featuredmedia":[{"embeddable":true,"href":"https:\/\/www.europesays.com\/fr\/wp-json\/wp\/v2\/media\/98795"}],"wp:attachment":[{"href":"https:\/\/www.europesays.com\/fr\/wp-json\/wp\/v2\/media?parent=98794"}],"wp:term":[{"taxonomy":"category","embeddable":true,"href":"https:\/\/www.europesays.com\/fr\/wp-json\/wp\/v2\/categories?post=98794"},{"taxonomy":"post_tag","embeddable":true,"href":"https:\/\/www.europesays.com\/fr\/wp-json\/wp\/v2\/tags?post=98794"}],"curies":[{"name":"wp","href":"https:\/\/api.w.org\/{rel}","templated":true}]}}