{"id":988013,"date":"2026-06-09T08:46:15","date_gmt":"2026-06-09T08:46:15","guid":{"rendered":"https:\/\/www.europesays.com\/fr\/988013\/"},"modified":"2026-06-09T08:46:15","modified_gmt":"2026-06-09T08:46:15","slug":"serie-de-narchomicides-a-nantes-on-a-passe-un-cap-un-degre-de-violence-actualites","status":"publish","type":"post","link":"https:\/\/www.europesays.com\/fr\/988013\/","title":{"rendered":"S\u00e9rie de narchomicides \u00e0 Nantes: \u00ab\u00a0On a pass\u00e9 un cap, un degr\u00e9 de violence\u00a0\u00bb : Actualit\u00e9s"},"content":{"rendered":"<p class=\"lead \">Le dernier mort est tomb\u00e9 en plein jour, pr\u00e8s d&rsquo;une all\u00e9e fr\u00e9quent\u00e9e. Avant lui, depuis la fin avril, trois autres jeunes hommes ont \u00e9t\u00e9 tu\u00e9s \u00e0 Nantes sur fond de narcotrafic. \u00ab\u00a0\u00c7a s&rsquo;arr\u00eatera quand?\u00a0\u00bb, s&rsquo;interrogent les riverains, apeur\u00e9s par cette pouss\u00e9e de violence.<\/p>\n<p class=\"lead \">\u00c9ducateur au club de foot du quartier populaire de la Botti\u00e8re, o\u00f9 deux jeunes hommes ont \u00e9t\u00e9 tu\u00e9s ces derni\u00e8res semaines, Wahib, 50 ans, explique: \u00ab\u00a0Il y avait d\u00e9j\u00e0 des fusillades ici, mais on a pass\u00e9 un cap, un degr\u00e9 de violence.\u00a0\u00bb <\/p>\n<p class=\"lead \">Sweat-shirt noir, lunettes \u00e0 monture dor\u00e9e, il se souvient d&rsquo;un soir, l&rsquo;an dernier, o\u00f9 des tirs ont r\u00e9sonn\u00e9 tout pr\u00e8s du stade alors que les 12-13 ans terminaient l&rsquo;entra\u00eenement. \u00ab\u00a0Avant ils tiraient dans le d\u00e9cor ou dans les jambes, maintenant ils donnent la mort\u00a0\u00bb, soupire l&rsquo;\u00e9ducateur. <\/p>\n<p class=\"lead \">Jeudi, aux alentours de 12h30, un jeune homme de 18 ans a \u00e9t\u00e9 vis\u00e9 par les tirs en rafale d&rsquo;individus cagoul\u00e9s aux commandes de deux motos \u00e9lectriques. <\/p>\n<p class=\"lead \">Ce nouveau \u00ab\u00a0meurtre en bande organis\u00e9e\u00a0\u00bb s&rsquo;inscrit \u00ab\u00a0sans qu&rsquo;il soit possible d&rsquo;en douter\u00a0\u00bb dans le cadre d&rsquo;un \u00ab\u00a0r\u00e8glement de comptes sur fond de narcotrafic\u00a0\u00bb et de \u00ab\u00a0guerre de territoire\u00a0\u00bb, a affirm\u00e9 le procureur de la R\u00e9publique de Nantes, Antoine Leroy.<\/p>\n<p class=\"lead \">Le magistrat n&rsquo;a pas d'\u00a0\u00bbexplication univoque\u00a0\u00bb \u00e0 donner sur l&rsquo;encha\u00eenement de ces faits mais note une s\u00e9rialit\u00e9 \u00ab\u00a0in\u00e9dite\u00a0\u00bb \u00e0 Nantes. <\/p>\n<p class=\"lead \">\u00c0 la Botti\u00e8re, aux pieds des barres d&rsquo;immeubles, des habitants redoutent la \u00ab\u00a0balle perdue\u00a0\u00bb. \u00ab\u00a0\u00c7a s&rsquo;arr\u00eatera quand ? Jeudi c&rsquo;\u00e9tait \u00e0 500 m\u00e8tres d&rsquo;une \u00e9cole. Et si un enfant passait par l\u00e0 ? On sait qu&rsquo;il y en a, des victimes collat\u00e9rales\u00a0\u00bb, s&rsquo;inqui\u00e8te une m\u00e8re de famille de 41 ans, qui comme la plupart des habitants crois\u00e9s par l&rsquo;AFP pr\u00e9f\u00e8re rester anonyme.<\/p>\n<p class=\"lead \">&#8211; Armes longues &#8211;<\/p>\n<p class=\"lead \">Le 14 mai dans la soir\u00e9e, c&rsquo;est un adolescent de 15 ans qui a \u00e9t\u00e9 tu\u00e9, et deux autres jeunes bless\u00e9s, dans le quartier du Port Boyer, sur un point de deal \u00ab\u00a0tr\u00e8s convoit\u00e9\u00a0\u00bb, expliquent les autorit\u00e9s. Selon les premiers \u00e9l\u00e9ments de l&rsquo;enqu\u00eate, la victime n&rsquo;\u00e9tait pas li\u00e9e au narcotrafic. <\/p>\n<p class=\"lead \">D&rsquo;apr\u00e8s le pr\u00e9fet de Loire-Atlantique, Fabrice Rigoulet-Roze, ce point de deal a depuis \u00e9t\u00e9 d\u00e9mantel\u00e9. Une source polici\u00e8re en d\u00e9nombre une trentaine \u00e0 travers la ville. <\/p>\n<p class=\"lead \">\u00ab\u00a0Non seulement il n&rsquo;y a aucun d\u00e9couragement, mais il y a une volont\u00e9 de mener ce combat dans l&rsquo;int\u00e9r\u00eat des habitants\u00a0\u00bb, a affirm\u00e9 \u00e0 l&rsquo;AFP le pr\u00e9fet, qui a engag\u00e9 une pr\u00e9sence polici\u00e8re \u00ab\u00a0renforc\u00e9e\u00a0\u00bb dans plusieurs quartiers.<\/p>\n<p class=\"lead \">31 armes longues ont par ailleurs \u00e9t\u00e9 saisies entre janvier et juin, selon la pr\u00e9fecture, contre 14 \u00e0 la m\u00eame p\u00e9riode en 2025. <\/p>\n<p class=\"lead \">Si plusieurs dizaines de fusillades ont \u00e9t\u00e9 d\u00e9compt\u00e9es \u00e0 Nantes l&rsquo;an dernier, aucun mort li\u00e9 au narcotrafic n&rsquo;avait \u00e9t\u00e9 enregistr\u00e9, de m\u00eame qu&rsquo;en 2024. <\/p>\n<p class=\"lead \">\u00ab\u00a0Chaque ann\u00e9e, on a des bless\u00e9s\u00a0\u00bb, rappelle le directeur interd\u00e9partemental adjoint de la police nationale, \u00c9ric Eudes. Il note \u00e0 l&rsquo;heure actuelle une \u00ab\u00a0tension conjoncturelle\u00a0\u00bb avec des narcotrafiquants qui \u00ab\u00a0tentent de s&rsquo;accaparer des points de deal\u00a0\u00bb. <\/p>\n<p class=\"lead \">Une source syndicale explique de son c\u00f4t\u00e9 que \u00ab\u00a0le processus est partout le m\u00eame\u00a0\u00bb: \u00ab\u00a0Ils veulent r\u00e9cup\u00e9rer le point du voisin et c&rsquo;est celui qui est le plus puissant, ou le plus violent, qui gagne la mise \u00e0 la fin.\u00a0\u00bb <\/p>\n<p class=\"lead \">&#8211; \u00ab\u00a0Tr\u00e8s jeunes\u00a0\u00bb &#8211;<\/p>\n<p class=\"lead \">Peu avant 22h00 le 26 mai, dans le quartier la Halv\u00eaque, tout pr\u00e8s du stade de la Beaujoire, deux individus le visage masqu\u00e9, l\u00e0 encore juch\u00e9s sur un deux-roues, ont pris en chasse un jeune homme de 20 ans. Touch\u00e9 par balle, il est mort sur place, pr\u00e8s de riverains qui prenaient l&rsquo;air en cette soir\u00e9e de canicule. <\/p>\n<p class=\"lead \">\u00c0 Port Boyer, \u00ab\u00a0cela fait un moment qu&rsquo;on voit des tr\u00e8s jeunes gar\u00e7ons qui dealent devant certains immeubles ou dans le hall\u00a0\u00bb, observe un homme d&rsquo;une cinquantaine d&rsquo;ann\u00e9es, qui se dit \u00ab\u00a0inquiet\u00a0\u00bb pour ses jeunes voisins. <\/p>\n<p class=\"lead \">La maire PS de Nantes, Johanna Rolland, appelle de son c\u00f4t\u00e9 \u00e0 une \u00ab\u00a0mobilisation g\u00e9n\u00e9rale contre le narcotrafic\u00a0\u00bb, visant \u00e0 la fois la \u00ab\u00a0pr\u00e9vention\u00a0\u00bb aupr\u00e8s des jeunes et le \u00ab\u00a0d\u00e9mant\u00e8lement des r\u00e9seaux\u00a0\u00bb.<\/p>\n<p class=\"lead \">Une r\u00e9union de quartier s&rsquo;est tenue vendredi \u00e0 la Botti\u00e8re, entre habitants et acteurs associatifs notamment. \u00ab\u00a0Une assistante sociale qui se d\u00e9place d&rsquo;immeuble en immeuble se demandait si elle pouvait continuer \u00e0 travailler comme elle le fait\u00a0\u00bb, raconte Wahib, l&rsquo;\u00e9ducateur sportif. <\/p>\n<p class=\"lead \">Il ajoute: \u00ab\u00a0Les associations veulent continuer d&rsquo;exercer, mais simplement en s\u00e9curit\u00e9. On ne peut pas abandonner les jeunes.\u00a0\u00bb <\/p>\n<p class=\"small font-weight-bold text-gray3 \"> publi\u00e9 le 9 juin \u00e0 10h28, AFP<\/p>\n<p>                             Partager<\/p>\n","protected":false},"excerpt":{"rendered":"Le dernier mort est tomb\u00e9 en plein jour, pr\u00e8s d&rsquo;une all\u00e9e fr\u00e9quent\u00e9e. Avant lui, depuis la fin avril,&hellip;\n","protected":false},"author":2,"featured_media":988014,"comment_status":"","ping_status":"","sticky":false,"template":"","format":"standard","meta":{"footnotes":"","_share_on_mastodon":"0"},"categories":[2818],"tags":[1111,11,3992,1769,1777,674,1011,27,2683,766,12,2636,25],"class_list":["post-988013","post","type-post","status-publish","format-standard","has-post-thumbnail","category-nantes","tag-actu","tag-actualites","tag-drogues","tag-enqute","tag-eu","tag-europe","tag-fr","tag-france","tag-homicide","tag-nantes","tag-news","tag-pays-de-la-loire","tag-republique-francaise"],"share_on_mastodon":{"url":"https:\/\/pubeurope.com\/@fr\/116719281148431032","error":""},"_links":{"self":[{"href":"https:\/\/www.europesays.com\/fr\/wp-json\/wp\/v2\/posts\/988013","targetHints":{"allow":["GET"]}}],"collection":[{"href":"https:\/\/www.europesays.com\/fr\/wp-json\/wp\/v2\/posts"}],"about":[{"href":"https:\/\/www.europesays.com\/fr\/wp-json\/wp\/v2\/types\/post"}],"author":[{"embeddable":true,"href":"https:\/\/www.europesays.com\/fr\/wp-json\/wp\/v2\/users\/2"}],"replies":[{"embeddable":true,"href":"https:\/\/www.europesays.com\/fr\/wp-json\/wp\/v2\/comments?post=988013"}],"version-history":[{"count":0,"href":"https:\/\/www.europesays.com\/fr\/wp-json\/wp\/v2\/posts\/988013\/revisions"}],"wp:featuredmedia":[{"embeddable":true,"href":"https:\/\/www.europesays.com\/fr\/wp-json\/wp\/v2\/media\/988014"}],"wp:attachment":[{"href":"https:\/\/www.europesays.com\/fr\/wp-json\/wp\/v2\/media?parent=988013"}],"wp:term":[{"taxonomy":"category","embeddable":true,"href":"https:\/\/www.europesays.com\/fr\/wp-json\/wp\/v2\/categories?post=988013"},{"taxonomy":"post_tag","embeddable":true,"href":"https:\/\/www.europesays.com\/fr\/wp-json\/wp\/v2\/tags?post=988013"}],"curies":[{"name":"wp","href":"https:\/\/api.w.org\/{rel}","templated":true}]}}