{"id":9881,"date":"2025-04-08T09:46:11","date_gmt":"2025-04-08T09:46:11","guid":{"rendered":"https:\/\/www.europesays.com\/fr\/9881\/"},"modified":"2025-04-08T09:46:11","modified_gmt":"2025-04-08T09:46:11","slug":"atp-kyrgios-pret-a-tous-nous-surprendre","status":"publish","type":"post","link":"https:\/\/www.europesays.com\/fr\/9881\/","title":{"rendered":"ATP > Kyrgios pr\u00eat \u00e0 tous nous surprendre ?"},"content":{"rendered":"<p>Alors qu\u2019il n\u2019a plus jou\u00e9 sur la terre battue euro\u00adp\u00e9enne depuis son p\u00e9tage de plomb m\u00e9mo\u00adrable \u00e0 Rome contre Casper Ruud en 2019, Nick Kyrgios pour\u00adrait faire son grand retour six ans plus\u00a0tard.\u00a0<\/p>\n<p>Univers Tennis s\u2019est en effet procur\u00e9 des images de l\u2019Australien \u00e0 l\u2019en\u00adtra\u00ee\u00adne\u00adment sur ocre. Et il semble parti\u00adcu\u00adli\u00e8\u00adre\u00adment appliqu\u00e9.\u00a0<\/p>\n<blockquote class=\"twitter-tweet\">\n<p lang=\"fr\" dir=\"ltr\">\ud83d\udea8 Nick Kyrgios s\u2019entra\u00eene actuel\u00adle\u00adment sur TERRE BATTUE. \ud83e\uddf1<\/p>\n<p>L\u2019Australien n\u2019a plus disput\u00e9 le moindre tournoi sur la terre battue euro\u00adp\u00e9enne depuis la saison 2019. <a href=\"https:\/\/t.co\/VmFm6JKhqH\" data-wpel-link=\"external\" target=\"_blank\" rel=\"nofollow external noopener\">pic.twitter.com\/VmFm6JKhqH<\/a><\/p>\n<p>\u2014 Univers Tennis \ud83c\udfbe (@UniversTennis) <a href=\"https:\/\/twitter.com\/UniversTennis\/status\/1909271887860936788?ref_src=twsrc%5Etfw\" data-wpel-link=\"external\" target=\"_blank\" rel=\"nofollow external noopener\">April 7,\u00a02025<\/a><\/p><\/blockquote>\n<p>Souvent diminu\u00e9 depuis sa grave bles\u00adsure au poignet, Kyrgios reste sur un deuxi\u00e8me tour \u00e0 Miami, o\u00f9 il a jou\u00e9 son cinqui\u00e8me match de la saison seule\u00adment apr\u00e8s un an et demi d\u2019absence.\u00a0<\/p>\n<p class=\"post-published-date\" style=\"color: silver; font-size: 75%; text-align: left;\">Publi\u00e9 le lundi 7 avril 2025 \u00e0 19:18<\/p>\n<p><script async src=\"https:\/\/platform.twitter.com\/widgets.js\" charset=\"utf-8\"><\/script><\/p>\n","protected":false},"excerpt":{"rendered":"Alors qu\u2019il n\u2019a plus jou\u00e9 sur la terre battue euro\u00adp\u00e9enne depuis son p\u00e9tage de plomb m\u00e9mo\u00adrable \u00e0 Rome&hellip;\n","protected":false},"author":2,"featured_media":9882,"comment_status":"","ping_status":"","sticky":false,"template":"","format":"standard","meta":{"footnotes":""},"categories":[1415],"tags":[1011,27,4874,60,1467],"class_list":{"0":"post-9881","1":"post","2":"type-post","3":"status-publish","4":"format-standard","5":"has-post-thumbnail","7":"category-tennis","8":"tag-fr","9":"tag-france","10":"tag-kyrgios","11":"tag-sports","12":"tag-tennis"},"share_on_mastodon":{"url":"https:\/\/pubeurope.com\/@fr\/114301709958975704","error":""},"_links":{"self":[{"href":"https:\/\/www.europesays.com\/fr\/wp-json\/wp\/v2\/posts\/9881","targetHints":{"allow":["GET"]}}],"collection":[{"href":"https:\/\/www.europesays.com\/fr\/wp-json\/wp\/v2\/posts"}],"about":[{"href":"https:\/\/www.europesays.com\/fr\/wp-json\/wp\/v2\/types\/post"}],"author":[{"embeddable":true,"href":"https:\/\/www.europesays.com\/fr\/wp-json\/wp\/v2\/users\/2"}],"replies":[{"embeddable":true,"href":"https:\/\/www.europesays.com\/fr\/wp-json\/wp\/v2\/comments?post=9881"}],"version-history":[{"count":0,"href":"https:\/\/www.europesays.com\/fr\/wp-json\/wp\/v2\/posts\/9881\/revisions"}],"wp:featuredmedia":[{"embeddable":true,"href":"https:\/\/www.europesays.com\/fr\/wp-json\/wp\/v2\/media\/9882"}],"wp:attachment":[{"href":"https:\/\/www.europesays.com\/fr\/wp-json\/wp\/v2\/media?parent=9881"}],"wp:term":[{"taxonomy":"category","embeddable":true,"href":"https:\/\/www.europesays.com\/fr\/wp-json\/wp\/v2\/categories?post=9881"},{"taxonomy":"post_tag","embeddable":true,"href":"https:\/\/www.europesays.com\/fr\/wp-json\/wp\/v2\/tags?post=9881"}],"curies":[{"name":"wp","href":"https:\/\/api.w.org\/{rel}","templated":true}]}}