{"id":98813,"date":"2025-05-14T07:42:09","date_gmt":"2025-05-14T07:42:09","guid":{"rendered":"https:\/\/www.europesays.com\/fr\/98813\/"},"modified":"2025-05-14T07:42:09","modified_gmt":"2025-05-14T07:42:09","slug":"saint-etienne-deux-accidents-provoquent-de-gros-ralentissements-sur-la-rn88","status":"publish","type":"post","link":"https:\/\/www.europesays.com\/fr\/98813\/","title":{"rendered":"Saint-\u00c9tienne : deux accidents provoquent de gros ralentissements sur la RN88"},"content":{"rendered":"<p>Deux accrochages se sont produits ce mercredi 14 mai, sur la RN88, \u00e0 Saint-\u00c9tienne.<\/p>\n<p>Matin\u00e9e compliqu\u00e9e pour traverser <b>Saint-\u00c9tienne<\/b>.\u00a0Deux accidents se sont produits, ce mercredi, sur la <b>RN88<\/b>, aux abords du tunnel du Rond-Point.\u00a0<\/p>\n<p>Le premier a eu lieu aux alentours de 7h45, dans le secteur de <b>La Croix de l&rsquo;Orme<\/b>, peu avant l&rsquo;\u00e9changeur avec la Rocade ouest, en direction du Puy-en-Velay.<\/p>\n<p>Trois v\u00e9hicules sont impliqu\u00e9s. <b>Une personne a \u00e9t\u00e9 l\u00e9g\u00e8rement bless\u00e9e<\/b>, les secours sont intervenus sur place.\u00a0<\/p>\n<p>La voie de droite a d\u00fb \u00eatre neutralis\u00e9e. Un bouchon s&rsquo;est form\u00e9 sur plusieurs kilom\u00e8tres.<\/p>\n<p>Un accident \u00e0 Montplaisir<\/p>\n<p>Le second accident s&rsquo;est produit \u00e0 hauteur de <b>Montplaisir<\/b>, toujours \u00e0 Saint-\u00c9tienne, en direction de Lyon, aux alentours de 8h00. L\u00e0-aussi, trois v\u00e9hicules sont impliqu\u00e9s dans cet accident mat\u00e9riel, aucun bless\u00e9 n&rsquo;est \u00e0 d\u00e9plorer.<\/p>\n<p><b>Une voie a \u00e9galement \u00e9t\u00e9 neutralis\u00e9e<\/b>, provoquant de gros ralentissements dans le secteur.<\/p>\n<p><img loading=\"lazy\" decoding=\"async\" src=\"https:\/\/www.europesays.com\/fr\/wp-content\/uploads\/2025\/05\/1747208529_322_img\" width=\"350\" height=\"200\" border=\"0\" title=\"Un accident sur la RN88, \u00c3\u00a0 Saint-\u00c3\u0089tienne\"\/><\/p>\n<p>\u25baTrafic<\/p>\n<p style=\"font-size: 22px;\"><b>Loire : collision entre deux poids lourds sur l&rsquo;A72, un accident sur la RN88<\/b><\/p>\n<p>Deux accidents se sont produits, ce mardi 13 mai,&#8230;<\/p>\n<p><\/p>\n","protected":false},"excerpt":{"rendered":"Deux accrochages se sont produits ce mercredi 14 mai, sur la RN88, \u00e0 Saint-\u00c9tienne. Matin\u00e9e compliqu\u00e9e pour traverser&hellip;\n","protected":false},"author":2,"featured_media":98814,"comment_status":"","ping_status":"","sticky":false,"template":"","format":"standard","meta":{"footnotes":""},"categories":[9653],"tags":[119,1111,11,2430,1777,674,1011,27,12,25,15292,20997,9920,4001,17374],"class_list":{"0":"post-98813","1":"post","2":"type-post","3":"status-publish","4":"format-standard","5":"has-post-thumbnail","7":"category-saint-etienne","8":"tag-accident","9":"tag-actu","10":"tag-actualites","11":"tag-auvergne-rhone-alpes","12":"tag-eu","13":"tag-europe","14":"tag-fr","15":"tag-france","16":"tag-news","17":"tag-republique-francaise","18":"tag-rn88","19":"tag-rond-point","20":"tag-saint-tienne","21":"tag-saint-etienne","22":"tag-tunnel"},"share_on_mastodon":{"url":"https:\/\/pubeurope.com\/@fr\/114505065787820876","error":""},"_links":{"self":[{"href":"https:\/\/www.europesays.com\/fr\/wp-json\/wp\/v2\/posts\/98813","targetHints":{"allow":["GET"]}}],"collection":[{"href":"https:\/\/www.europesays.com\/fr\/wp-json\/wp\/v2\/posts"}],"about":[{"href":"https:\/\/www.europesays.com\/fr\/wp-json\/wp\/v2\/types\/post"}],"author":[{"embeddable":true,"href":"https:\/\/www.europesays.com\/fr\/wp-json\/wp\/v2\/users\/2"}],"replies":[{"embeddable":true,"href":"https:\/\/www.europesays.com\/fr\/wp-json\/wp\/v2\/comments?post=98813"}],"version-history":[{"count":0,"href":"https:\/\/www.europesays.com\/fr\/wp-json\/wp\/v2\/posts\/98813\/revisions"}],"wp:featuredmedia":[{"embeddable":true,"href":"https:\/\/www.europesays.com\/fr\/wp-json\/wp\/v2\/media\/98814"}],"wp:attachment":[{"href":"https:\/\/www.europesays.com\/fr\/wp-json\/wp\/v2\/media?parent=98813"}],"wp:term":[{"taxonomy":"category","embeddable":true,"href":"https:\/\/www.europesays.com\/fr\/wp-json\/wp\/v2\/categories?post=98813"},{"taxonomy":"post_tag","embeddable":true,"href":"https:\/\/www.europesays.com\/fr\/wp-json\/wp\/v2\/tags?post=98813"}],"curies":[{"name":"wp","href":"https:\/\/api.w.org\/{rel}","templated":true}]}}