{"id":98819,"date":"2025-05-14T07:45:12","date_gmt":"2025-05-14T07:45:12","guid":{"rendered":"https:\/\/www.europesays.com\/fr\/98819\/"},"modified":"2025-05-14T07:45:12","modified_gmt":"2025-05-14T07:45:12","slug":"les-pour-et-les-contre","status":"publish","type":"post","link":"https:\/\/www.europesays.com\/fr\/98819\/","title":{"rendered":"les pour et les contre"},"content":{"rendered":"<p>Chaque \u00e9tablissement professionnel fait des choix en mati\u00e8re de logistique et d\u2019organisation d\u2019\u00e9quipe, avec leurs avantages et leurs inconv\u00e9nients. L\u2019agence de Nancy n\u2019\u00e9chappe pas \u00e0 la r\u00e8gle.<\/p>\n<p>La conf\u00e9rence de r\u00e9daction<\/p>\n<p>Chaque lundi \u00e0 9 h 30 se d\u00e9roule la conf\u00e9rence de r\u00e9daction. C\u2019est \u00e0 ce moment que l\u2019ensemble de l\u2019\u00e9quipe se retrouve autour de Micka\u00ebl Demeaux, directeur d\u00e9partemental, ou de l\u2019une de ses deux adjointes. Des \u00e9changes sont men\u00e9s pour trouver les sujets des temps forts \u00e0 venir, et ainsi les programmer. Ensuite, c\u2019est \u00e0 tour de r\u00f4le que les journalistes annoncent leur programme de la journ\u00e9e, les articles en court et ceux en attente. Avec une id\u00e9e en t\u00eate : quels sujets vont&#8230;<\/p>\n","protected":false},"excerpt":{"rendered":"Chaque \u00e9tablissement professionnel fait des choix en mati\u00e8re de logistique et d\u2019organisation d\u2019\u00e9quipe, avec leurs avantages et leurs&hellip;\n","protected":false},"author":2,"featured_media":98820,"comment_status":"","ping_status":"","sticky":false,"template":"","format":"standard","meta":{"footnotes":""},"categories":[9635],"tags":[1111,11,3206,1704,341,2878,1777,674,1011,27,775,1702,1703,12,25,801],"class_list":{"0":"post-98819","1":"post","2":"type-post","3":"status-publish","4":"format-standard","5":"has-post-thumbnail","7":"category-nancy","8":"tag-actu","9":"tag-actualites","10":"tag-defense-guerre-conflit","11":"tag-edition-nancy-et-agglomeration","12":"tag-emploi","13":"tag-encadre","14":"tag-eu","15":"tag-europe","16":"tag-fr","17":"tag-france","18":"tag-grand-est","19":"tag-nancy","20":"tag-nancy-ville-54b","21":"tag-news","22":"tag-republique-francaise","23":"tag-social"},"share_on_mastodon":{"url":"https:\/\/pubeurope.com\/@fr\/114505077464037202","error":""},"_links":{"self":[{"href":"https:\/\/www.europesays.com\/fr\/wp-json\/wp\/v2\/posts\/98819","targetHints":{"allow":["GET"]}}],"collection":[{"href":"https:\/\/www.europesays.com\/fr\/wp-json\/wp\/v2\/posts"}],"about":[{"href":"https:\/\/www.europesays.com\/fr\/wp-json\/wp\/v2\/types\/post"}],"author":[{"embeddable":true,"href":"https:\/\/www.europesays.com\/fr\/wp-json\/wp\/v2\/users\/2"}],"replies":[{"embeddable":true,"href":"https:\/\/www.europesays.com\/fr\/wp-json\/wp\/v2\/comments?post=98819"}],"version-history":[{"count":0,"href":"https:\/\/www.europesays.com\/fr\/wp-json\/wp\/v2\/posts\/98819\/revisions"}],"wp:featuredmedia":[{"embeddable":true,"href":"https:\/\/www.europesays.com\/fr\/wp-json\/wp\/v2\/media\/98820"}],"wp:attachment":[{"href":"https:\/\/www.europesays.com\/fr\/wp-json\/wp\/v2\/media?parent=98819"}],"wp:term":[{"taxonomy":"category","embeddable":true,"href":"https:\/\/www.europesays.com\/fr\/wp-json\/wp\/v2\/categories?post=98819"},{"taxonomy":"post_tag","embeddable":true,"href":"https:\/\/www.europesays.com\/fr\/wp-json\/wp\/v2\/tags?post=98819"}],"curies":[{"name":"wp","href":"https:\/\/api.w.org\/{rel}","templated":true}]}}