{"id":98821,"date":"2025-05-14T07:46:08","date_gmt":"2025-05-14T07:46:08","guid":{"rendered":"https:\/\/www.europesays.com\/fr\/98821\/"},"modified":"2025-05-14T07:46:08","modified_gmt":"2025-05-14T07:46:08","slug":"la-ville-de-toulon-accueille-les-48h-de-lagriculture-urbaine-ce-week-end-des-activites-gratuites-et-ouvertes-a-tous","status":"publish","type":"post","link":"https:\/\/www.europesays.com\/fr\/98821\/","title":{"rendered":"La ville de Toulon accueille les 48h de l\u2019agriculture urbaine ce week-end: des activit\u00e9s gratuites et ouvertes \u00e0 tous"},"content":{"rendered":"<p>Planter des tomates au pied d\u2019un immeuble, d\u00e9couvrir un compost partag\u00e9 ou encore visiter une \u00e9co-ferme: ce week-end, les Toulonnais sont invit\u00e9s \u00e0 mettre les mains dans la terre. La ville c\u00e9l\u00e8bre les 48h de l\u2019agriculture urbaine, un rendez-vous national lanc\u00e9 par l\u2019association parisienne Soci\u00e9t\u00e9 d\u2019agriculture urbaine, g\u00e9n\u00e9reuse et engag\u00e9e (SAUGE) en 2015.<\/p>\n<p>Cette ann\u00e9e, l\u2019\u00e9v\u00e9nement revient \u00e0 Toulon et dans une trentaine de villes fran\u00e7aises. Dans la capitale du Var, le rendez-vous est organis\u00e9 par le Collectif varois pour l\u2019agriculture urbaine depuis 2020, avec le soutien de la ville et de plusieurs acteurs locaux. Ce rendez-vous s\u2019adresse \u00e0 tous les curieux, habitants, familles, associations ou professionnels. L\u2019objectif? \u00ab\u00a0Redonner envie de jardiner, m\u00eame en ville, et faire conna\u00eetre les initiatives locales accessibles \u00e0 tous\u00a0\u00bb, explique Carine Chevrier, membre du collectif et cr\u00e9atrice de plusieurs jardins partag\u00e9s.<\/p>\n<p>Un programme pour tous<\/p>\n<p>Au programme: ateliers p\u00e9dagogiques, visites de jardins partag\u00e9s et portes ouvertes de lieux engag\u00e9s comme la station de compostage des Alchimistes ou l\u2019\u00e9co-ferme de la Pierre Blanche (La Farl\u00e8de). Les familles pourront participer \u00e0 des animations au jardin Forever au Pradet ou \u00e0 une chasse au tr\u00e9sor dans le jardin Florane, tandis que les plus motiv\u00e9s pourront planter sur la place du Globe avec un atelier participatif.<\/p>\n<p>\u00c0 ne pas louper \u00e9galement: la table ronde du vendredi soir au Conseil d\u2019architecture, d\u2019urbanisme et de l\u2019environnement (CAUE) du Var avec la pr\u00e9sentation d\u2019un manifeste sur le th\u00e8me \u00ab\u00a0Un quartier, une ferme\u00a0\u00bb, pour \u00ab\u00a0enclencher aussi des \u00e9changes et des r\u00e9flexions sur la place qu\u2019on donne \u00e0 ces agricultures urbaines autour de nos villes\u00a0\u00bb.<\/p>\n<p>Les activit\u00e9s sont gratuites et ouvertes \u00e0 tous, mais il est recommand\u00e9 de s\u2019inscrire sur le site officiel de l\u2019\u00e9v\u00e9nement, pour consulter le programme complet et conna\u00eetre les conditions d\u2019acc\u00e8s (www.les48h.com\/villes\/toulon\/).<\/p>\n","protected":false},"excerpt":{"rendered":"Planter des tomates au pied d\u2019un immeuble, d\u00e9couvrir un compost partag\u00e9 ou encore visiter une \u00e9co-ferme: ce week-end,&hellip;\n","protected":false},"author":2,"featured_media":98822,"comment_status":"","ping_status":"","sticky":false,"template":"","format":"standard","meta":{"footnotes":""},"categories":[9619],"tags":[1111,11,327,33,1777,674,1011,27,12,882,25,2310],"class_list":{"0":"post-98821","1":"post","2":"type-post","3":"status-publish","4":"format-standard","5":"has-post-thumbnail","7":"category-toulon","8":"tag-actu","9":"tag-actualites","10":"tag-agriculture","11":"tag-economie","12":"tag-eu","13":"tag-europe","14":"tag-fr","15":"tag-france","16":"tag-news","17":"tag-provence-alpes-cote-dazur","18":"tag-republique-francaise","19":"tag-toulon"},"share_on_mastodon":{"url":"https:\/\/pubeurope.com\/@fr\/114505081442977271","error":""},"_links":{"self":[{"href":"https:\/\/www.europesays.com\/fr\/wp-json\/wp\/v2\/posts\/98821","targetHints":{"allow":["GET"]}}],"collection":[{"href":"https:\/\/www.europesays.com\/fr\/wp-json\/wp\/v2\/posts"}],"about":[{"href":"https:\/\/www.europesays.com\/fr\/wp-json\/wp\/v2\/types\/post"}],"author":[{"embeddable":true,"href":"https:\/\/www.europesays.com\/fr\/wp-json\/wp\/v2\/users\/2"}],"replies":[{"embeddable":true,"href":"https:\/\/www.europesays.com\/fr\/wp-json\/wp\/v2\/comments?post=98821"}],"version-history":[{"count":0,"href":"https:\/\/www.europesays.com\/fr\/wp-json\/wp\/v2\/posts\/98821\/revisions"}],"wp:featuredmedia":[{"embeddable":true,"href":"https:\/\/www.europesays.com\/fr\/wp-json\/wp\/v2\/media\/98822"}],"wp:attachment":[{"href":"https:\/\/www.europesays.com\/fr\/wp-json\/wp\/v2\/media?parent=98821"}],"wp:term":[{"taxonomy":"category","embeddable":true,"href":"https:\/\/www.europesays.com\/fr\/wp-json\/wp\/v2\/categories?post=98821"},{"taxonomy":"post_tag","embeddable":true,"href":"https:\/\/www.europesays.com\/fr\/wp-json\/wp\/v2\/tags?post=98821"}],"curies":[{"name":"wp","href":"https:\/\/api.w.org\/{rel}","templated":true}]}}