{"id":98832,"date":"2025-05-14T07:53:12","date_gmt":"2025-05-14T07:53:12","guid":{"rendered":"https:\/\/www.europesays.com\/fr\/98832\/"},"modified":"2025-05-14T07:53:12","modified_gmt":"2025-05-14T07:53:12","slug":"luniversite-de-grenoble-censure-des-messages-antiracistes","status":"publish","type":"post","link":"https:\/\/www.europesays.com\/fr\/98832\/","title":{"rendered":"L&rsquo;Universit\u00e9 de Grenoble censure des messages antiracistes"},"content":{"rendered":"<p>La direction de la facult\u00e9 a indiqu\u00e9 qu\u2019elle allait effacer des travaux produits lors d\u2019ateliers car \u00ab\u00a0contraires \u00e0 ses valeurs\u00a0\u00bb et tax\u00e9s de \u00ab\u00a0racisme anti-blanc\u00a0\u00bb.<\/p>\n<p>Au c\u0153ur de la pol\u00e9mique, des messages inscrits sur les<a href=\"https:\/\/x.com\/droiteuniv\/status\/1921968627026210982\" target=\"_blank\" rel=\"noopener\"> vitres d\u2019une galerie de l\u2019universit\u00e9\u00a0: \u00ab\u00a0Le monde a mal. Normal, il est dirig\u00e9 par les Blancs et les m\u00e2les\u00a0\u00bb\u00a0; \u00ab\u00a0Aux \u00e9checs comme dans la vie, les Blancs ont un coup d\u2019avance\u00a0\u00bb.<\/a><\/p>\n<p>Ces phrases ont \u00e9t\u00e9 \u00e9labor\u00e9es \u00ab\u00a0lors d\u2019ateliers artistiques par des personnels et des \u00e9tudiants\u00a0\u00bb dans le cadre du Mois de l\u2019Egalit\u00e9.<\/p>\n<p>Incompr\u00e9hension et sensibilit\u00e9<\/p>\n<p>\u00ab\u00a0Malheureusement certains messages ont \u00e9chapp\u00e9 \u00e0 la vigilance de l\u2019Universit\u00e9 Grenoble Alpes et sont incompatibles avec les valeurs\u00a0\u00bb de l\u2019universit\u00e9, indique la direction de l\u2019\u00e9tablissement dans un communiqu\u00e9.<\/p>\n<p>Ces messages, qui \u00ab\u00a0ne refl\u00e8tent pas la position de l\u2019universit\u00e9\u00a0\u00bb, seront effac\u00e9s \u00ab\u00a0dans les plus brefs d\u00e9lais\u00a0\u00bb, ajoute l\u2019\u00e9tablissement, en regrettant qu\u2019ils \u00ab\u00a0aient pu susciter des incompr\u00e9hensions ou heurter la sensibilit\u00e9 de certaines personnes\u00a0\u00bb.<\/p>\n<p>Enqu\u00eate interne<\/p>\n<p>L\u2019UNI a d\u00e9nonc\u00e9 des messages \u00ab\u00a0racistes et sexistes \u00e0 l\u2019encontre des personnes blanches et des hommes\u00a0\u00bb, qui viseraient selon le syndicat \u00ab\u00a0\u00e0 propager l\u2019id\u00e9e selon laquelle nous vivrions dans une soci\u00e9t\u00e9 syst\u00e9matiquement raciste\u00a0\u00bb.<\/p>\n<p>L\u2019UNI demande \u00e0 la pr\u00e9sidence de l\u2019universit\u00e9 de les effacer au plus vite et de \u00ab\u00a0lancer une enqu\u00eate interne pour identifier les responsables de tels choix\u00a0\u00bb.<\/p>\n<p>\u00a0<\/p>\n<p>&gt;&gt; A lire aussi :\u00a0<a href=\"https:\/\/www.lecourrierdelatlas.com\/adoption-dun-texte-contre-lantisemitisme-et-le-racisme-a-luniversite\/\" target=\"_blank\" rel=\"noopener\">Adoption d\u2019un texte contre l\u2019antis\u00e9mitisme et le racisme \u00e0 l\u2019universit\u00e9<\/a><\/p>\n","protected":false},"excerpt":{"rendered":"La direction de la facult\u00e9 a indiqu\u00e9 qu\u2019elle allait effacer des travaux produits lors d\u2019ateliers car \u00ab\u00a0contraires \u00e0&hellip;\n","protected":false},"author":2,"featured_media":98833,"comment_status":"","ping_status":"","sticky":false,"template":"","format":"standard","meta":{"footnotes":""},"categories":[9566],"tags":[1111,11,2430,1777,674,1011,27,2731,12,20616,25,21315,21316,21317],"class_list":{"0":"post-98832","1":"post","2":"type-post","3":"status-publish","4":"format-standard","5":"has-post-thumbnail","7":"category-grenoble","8":"tag-actu","9":"tag-actualites","10":"tag-auvergne-rhone-alpes","11":"tag-eu","12":"tag-europe","13":"tag-fr","14":"tag-france","15":"tag-grenoble","16":"tag-news","17":"tag-racisme-anti-blanc","18":"tag-republique-francaise","19":"tag-uni","20":"tag-universite-de-grenoble","21":"tag-universites-france"},"share_on_mastodon":{"url":"https:\/\/pubeurope.com\/@fr\/114505108926125965","error":""},"_links":{"self":[{"href":"https:\/\/www.europesays.com\/fr\/wp-json\/wp\/v2\/posts\/98832","targetHints":{"allow":["GET"]}}],"collection":[{"href":"https:\/\/www.europesays.com\/fr\/wp-json\/wp\/v2\/posts"}],"about":[{"href":"https:\/\/www.europesays.com\/fr\/wp-json\/wp\/v2\/types\/post"}],"author":[{"embeddable":true,"href":"https:\/\/www.europesays.com\/fr\/wp-json\/wp\/v2\/users\/2"}],"replies":[{"embeddable":true,"href":"https:\/\/www.europesays.com\/fr\/wp-json\/wp\/v2\/comments?post=98832"}],"version-history":[{"count":0,"href":"https:\/\/www.europesays.com\/fr\/wp-json\/wp\/v2\/posts\/98832\/revisions"}],"wp:featuredmedia":[{"embeddable":true,"href":"https:\/\/www.europesays.com\/fr\/wp-json\/wp\/v2\/media\/98833"}],"wp:attachment":[{"href":"https:\/\/www.europesays.com\/fr\/wp-json\/wp\/v2\/media?parent=98832"}],"wp:term":[{"taxonomy":"category","embeddable":true,"href":"https:\/\/www.europesays.com\/fr\/wp-json\/wp\/v2\/categories?post=98832"},{"taxonomy":"post_tag","embeddable":true,"href":"https:\/\/www.europesays.com\/fr\/wp-json\/wp\/v2\/tags?post=98832"}],"curies":[{"name":"wp","href":"https:\/\/api.w.org\/{rel}","templated":true}]}}