{"id":98834,"date":"2025-05-14T07:54:10","date_gmt":"2025-05-14T07:54:10","guid":{"rendered":"https:\/\/www.europesays.com\/fr\/98834\/"},"modified":"2025-05-14T07:54:10","modified_gmt":"2025-05-14T07:54:10","slug":"ille-et-vilaine-un-vehicule-hybride-prend-feu-pres-dune-salle-des-sports","status":"publish","type":"post","link":"https:\/\/www.europesays.com\/fr\/98834\/","title":{"rendered":"Ille-et-Vilaine\u00a0: un v\u00e9hicule hybride prend feu pr\u00e8s d\u2019une salle des sports"},"content":{"rendered":"<p>Les pompiers ont \u00e9t\u00e9 appel\u00e9s dans la nuit de mardi \u00e0 mercredi, vers 0 h 30, pour un feu de v\u00e9hicule hybride sur la commune de Taillis (35), pr\u00e8s de Vitr\u00e9. L\u2019incendie, qui n\u2019a pas fait de bless\u00e9s, s\u2019est d\u00e9clench\u00e9 alors que le v\u00e9hicule \u00e9tait branch\u00e9 \u00e0 une borne de recharge. Le feu s\u2019est propag\u00e9 au carport d\u2019une salle de sport sans pour autant toucher l\u2019int\u00e9gralit\u00e9 du b\u00e2timent. Une quinzaine de sapeurs-pompiers ont \u00e9t\u00e9 d\u00e9p\u00each\u00e9s sur place.<\/p>\n","protected":false},"excerpt":{"rendered":"Les pompiers ont \u00e9t\u00e9 appel\u00e9s dans la nuit de mardi \u00e0 mercredi, vers 0 h 30, pour un&hellip;\n","protected":false},"author":2,"featured_media":98835,"comment_status":"","ping_status":"","sticky":false,"template":"","format":"standard","meta":{"footnotes":""},"categories":[2821],"tags":[1111,11,829,765,1777,674,118,1011,27,848,5383,12,584,25],"class_list":{"0":"post-98834","1":"post","2":"type-post","3":"status-publish","4":"format-standard","5":"has-post-thumbnail","7":"category-rennes","8":"tag-actu","9":"tag-actualites","10":"tag-bretagne","11":"tag-en-continu","12":"tag-eu","13":"tag-europe","14":"tag-faits-divers","15":"tag-fr","16":"tag-france","17":"tag-ille-et-vilaine","18":"tag-incendies","19":"tag-news","20":"tag-rennes","21":"tag-republique-francaise"},"share_on_mastodon":{"url":"https:\/\/pubeurope.com\/@fr\/114505112848741334","error":""},"_links":{"self":[{"href":"https:\/\/www.europesays.com\/fr\/wp-json\/wp\/v2\/posts\/98834","targetHints":{"allow":["GET"]}}],"collection":[{"href":"https:\/\/www.europesays.com\/fr\/wp-json\/wp\/v2\/posts"}],"about":[{"href":"https:\/\/www.europesays.com\/fr\/wp-json\/wp\/v2\/types\/post"}],"author":[{"embeddable":true,"href":"https:\/\/www.europesays.com\/fr\/wp-json\/wp\/v2\/users\/2"}],"replies":[{"embeddable":true,"href":"https:\/\/www.europesays.com\/fr\/wp-json\/wp\/v2\/comments?post=98834"}],"version-history":[{"count":0,"href":"https:\/\/www.europesays.com\/fr\/wp-json\/wp\/v2\/posts\/98834\/revisions"}],"wp:featuredmedia":[{"embeddable":true,"href":"https:\/\/www.europesays.com\/fr\/wp-json\/wp\/v2\/media\/98835"}],"wp:attachment":[{"href":"https:\/\/www.europesays.com\/fr\/wp-json\/wp\/v2\/media?parent=98834"}],"wp:term":[{"taxonomy":"category","embeddable":true,"href":"https:\/\/www.europesays.com\/fr\/wp-json\/wp\/v2\/categories?post=98834"},{"taxonomy":"post_tag","embeddable":true,"href":"https:\/\/www.europesays.com\/fr\/wp-json\/wp\/v2\/tags?post=98834"}],"curies":[{"name":"wp","href":"https:\/\/api.w.org\/{rel}","templated":true}]}}