{"id":98836,"date":"2025-05-14T07:55:13","date_gmt":"2025-05-14T07:55:13","guid":{"rendered":"https:\/\/www.europesays.com\/fr\/98836\/"},"modified":"2025-05-14T07:55:13","modified_gmt":"2025-05-14T07:55:13","slug":"rennes-interpelles-avec-des-armes-de-poing-ils-voulaient-mener-une-mission-de-securite-dans-ce-quartier","status":"publish","type":"post","link":"https:\/\/www.europesays.com\/fr\/98836\/","title":{"rendered":"Rennes. Interpell\u00e9s avec des armes de poing, ils voulaient mener une \u00ab\u00a0mission de s\u00e9curit\u00e9\u00a0\u00bb dans ce quartier"},"content":{"rendered":"<p>            Par<br \/>\n        <strong><br \/>\n            <a href=\"https:\/\/actu.fr\/auteur\/brian-legoff\" title=\"Consulter tous les articles de Brian Le Goff\" rel=\"nofollow noopener\" target=\"_blank\">Brian Le Goff<\/a><br \/>\n        <\/strong><\/p>\n<p>        Publi\u00e9 le<\/p>\n<p>            14 mai 2025 \u00e0 9h44        <\/p>\n<p><strong>Apr\u00e8s 96\u00a0heures de garde \u00e0 vue<\/strong>, les <a href=\"https:\/\/actu.fr\/bretagne\/rennes_35238\/rennes-trois-personnes-interpellees-en-possession-d-arme-et-de-stupefiants_62618525.html\" rel=\"nofollow noopener\" target=\"_blank\">trois personnes interpell\u00e9es avec une arme et de la drogue dans le quartier de Villejean<\/a>, vendredi 9\u00a0mai dans la soir\u00e9e, ont \u00e9t\u00e9 <strong>d\u00e9f\u00e9r\u00e9es devant le parquet<\/strong> de Rennes, mardi 13\u00a0mai, indique Fr\u00e9d\u00e9ric Teillet, procureur de la R\u00e9publique, dans un communiqu\u00e9 de presse transmis aux m\u00e9dias dont <a href=\"https:\/\/actu.fr\/rennes\/\" rel=\"nofollow noopener\" target=\"_blank\">actu Rennes<\/a>.<\/p>\n<p class=\" wall-content\">Pour rappel, vendredi, \u00ab\u2009les policiers du commissariat de Rennes ont \u00e9t\u00e9 <strong>requis par un propri\u00e9taire qui suspectait l\u2019occupation illicite de chambres<\/strong> habituellement vacantes et lui appartenant, rue du Bourbonnais\u2009\u00bb, retrace le magistrat.<\/p>\n<p>Deux armes de poing retrouv\u00e9es<\/p>\n<p class=\" wall-content\">Sur place, ils constatent la pr\u00e9sence de trois individus qui n\u2019\u00e9taient pas des locataires, ainsi que la pr\u00e9sence d\u2019une<strong> arme de poing semi-automatique et de produits stup\u00e9fiants<\/strong>. Les individus ont \u00e9t\u00e9 interpell\u00e9s et plac\u00e9s en garde \u00e0 vue.<\/p>\n<blockquote class=\"ac-article-quote wall-content\">\n<p>Lors de la perquisition du logement, ont \u00e9galement \u00e9t\u00e9 retrouv\u00e9es plusieurs cartouches de 9 mm, une seconde arme de poing, un couteau et du num\u00e9raire (des esp\u00e8ces, N.D.L.R.).<\/p>\n<p>    <strong>Fr\u00e9d\u00e9ric Teillet<\/strong><br \/>\n        Procureur de la R\u00e9publique     <\/p><\/blockquote>\n<p class=\" wall-content\">\u00c0 l\u2019issue de la garde \u00e0 vue, deux des trois int\u00e9ress\u00e9s ont<strong> reconnu \u00eatre venus de Nantes<\/strong> pour assurer <strong>une mission de \u00ab\u2009s\u00e9curit\u00e9\u2009\u00bb<\/strong> sur le secteur de Villejean, <a href=\"https:\/\/actu.fr\/bretagne\/rennes_35238\/nouvelle-fusillade-a-rennes-course-poursuite-vehicules-percutes-le-recit-de-la-fuite-des-tireurs_62611005.html\" rel=\"nofollow noopener\" target=\"_blank\">dans le contexte des tirs survenus r\u00e9cemment<\/a>.<\/p>\n<p>Jug\u00e9s le 9\u00a0juillet prochain<\/p>\n<p class=\" wall-content\">D\u00e9f\u00e9r\u00e9s, ils seront jug\u00e9s en comparution \u00e0 d\u00e9lai diff\u00e9r\u00e9 le 9\u00a0juillet \u00e0 15h pour\u2009:<\/p>\n<ul class=\" wall-content\">\n<li>d\u00e9tention d\u2019arme et munitions de cat\u00e9gorie B\u2009;<\/li>\n<li>transport et d\u00e9tention de produits stup\u00e9fiants\u2009;<\/li>\n<li>participation \u00e0 une association de malfaiteurs en vue de la pr\u00e9paration d\u2019un crime.<\/li>\n<\/ul>\n<p class=\" wall-content\">Dans l\u2019attente de l\u2019audience, le <strong>parquet a demand\u00e9<\/strong> au juge des libert\u00e9s et de la d\u00e9tention (JLD) que les trois individus soient plac\u00e9s en <strong>d\u00e9tention provisoire.<\/strong><\/p>\n<p>Deux personnes sous contr\u00f4le judiciaire, le troisi\u00e8me en d\u00e9tention provisoire<\/p>\n<p class=\" wall-content\">Le JLD a d\u00e9cid\u00e9 du placement sous <strong>contr\u00f4le judiciaire des deux plus jeunes<\/strong>, dont le casier judiciaire ne porte mention d\u2019<strong>aucune condamnation<\/strong> et du placement en<strong> d\u00e9tention provisoire<\/strong> du <strong>troisi\u00e8me<\/strong> individu, d\u00e9j\u00e0 <strong>connu de la justice<\/strong> et \u00e9tait sorti de d\u00e9tention le 4\u00a0d\u00e9cembre dernier.<\/p>\n<p class=\" wall-content\">Suivez toute l\u2019actualit\u00e9 de vos villes et m\u00e9dias favoris en vous inscrivant \u00e0 <a href=\"https:\/\/moncompte.actu.fr\" title=\"D\u00e9couvez Mon Actu\" rel=\"nofollow noopener\" data-trk=\"{&quot;cta&quot;:{&quot;action&quot;:&quot;https:\\\/\\\/moncompte.actu.fr&quot;,&quot;category&quot;:&quot;mon compte&quot;,&quot;from&quot;:&quot;article footer&quot;,&quot;name&quot;:&quot;Mon actu&quot;,&quot;type&quot;:&quot;cta&quot;}}\" target=\"_blank\">Mon Actu<\/a>.<\/p>\n","protected":false},"excerpt":{"rendered":"Par Brian Le Goff Publi\u00e9 le 14 mai 2025 \u00e0 9h44 Apr\u00e8s 96\u00a0heures de garde \u00e0 vue, les&hellip;\n","protected":false},"author":2,"featured_media":98837,"comment_status":"","ping_status":"","sticky":false,"template":"","format":"standard","meta":{"footnotes":""},"categories":[2821],"tags":[1111,11,829,1777,674,118,1011,27,303,12,1072,584,25,5375],"class_list":{"0":"post-98836","1":"post","2":"type-post","3":"status-publish","4":"format-standard","5":"has-post-thumbnail","7":"category-rennes","8":"tag-actu","9":"tag-actualites","10":"tag-bretagne","11":"tag-eu","12":"tag-europe","13":"tag-faits-divers","14":"tag-fr","15":"tag-france","16":"tag-justice","17":"tag-news","18":"tag-police","19":"tag-rennes","20":"tag-republique-francaise","21":"tag-villejean"},"share_on_mastodon":{"url":"https:\/\/pubeurope.com\/@fr\/114505116774681237","error":""},"_links":{"self":[{"href":"https:\/\/www.europesays.com\/fr\/wp-json\/wp\/v2\/posts\/98836","targetHints":{"allow":["GET"]}}],"collection":[{"href":"https:\/\/www.europesays.com\/fr\/wp-json\/wp\/v2\/posts"}],"about":[{"href":"https:\/\/www.europesays.com\/fr\/wp-json\/wp\/v2\/types\/post"}],"author":[{"embeddable":true,"href":"https:\/\/www.europesays.com\/fr\/wp-json\/wp\/v2\/users\/2"}],"replies":[{"embeddable":true,"href":"https:\/\/www.europesays.com\/fr\/wp-json\/wp\/v2\/comments?post=98836"}],"version-history":[{"count":0,"href":"https:\/\/www.europesays.com\/fr\/wp-json\/wp\/v2\/posts\/98836\/revisions"}],"wp:featuredmedia":[{"embeddable":true,"href":"https:\/\/www.europesays.com\/fr\/wp-json\/wp\/v2\/media\/98837"}],"wp:attachment":[{"href":"https:\/\/www.europesays.com\/fr\/wp-json\/wp\/v2\/media?parent=98836"}],"wp:term":[{"taxonomy":"category","embeddable":true,"href":"https:\/\/www.europesays.com\/fr\/wp-json\/wp\/v2\/categories?post=98836"},{"taxonomy":"post_tag","embeddable":true,"href":"https:\/\/www.europesays.com\/fr\/wp-json\/wp\/v2\/tags?post=98836"}],"curies":[{"name":"wp","href":"https:\/\/api.w.org\/{rel}","templated":true}]}}