{"id":98838,"date":"2025-05-14T07:56:09","date_gmt":"2025-05-14T07:56:09","guid":{"rendered":"https:\/\/www.europesays.com\/fr\/98838\/"},"modified":"2025-05-14T07:56:09","modified_gmt":"2025-05-14T07:56:09","slug":"bischheim-sur-un-air-de-saxophones-concert-caritatif-le-16-mai","status":"publish","type":"post","link":"https:\/\/www.europesays.com\/fr\/98838\/","title":{"rendered":"Bischheim. \u00ab\u00a0Sur un air de saxophones\u00a0\u00bb, concert caritatif le 16\u00a0mai"},"content":{"rendered":"<p>Un concert intitul\u00e9 \u201cSur un air de saxophones\u201d aura lieu le vendredi 16\u00a0mai \u00e0 la salle du Cercle \u00e0 Bischheim. Une performance r\u00e9alis\u00e9e par l\u2019ensemble des \u00e9tudiantes et \u00e9tudiants de la classe de saxophones de Philippe Geiss, <a href=\"https:\/\/www.dna.fr\/culture\/2017\/09\/29\/philippe-geiss-dans-la-galaxie-du-sax\" target=\"_blank\" rel=\"nofollow noopener\">musicien et compositeur de renomm\u00e9e internationale<\/a> , professeur \u00e0 l\u2019Acad\u00e9mie sup\u00e9rieure de musique de la Haute \u00c9cole des arts du Rhin \u00e0 Strasbourg. Le concert sera donn\u00e9 au profit de la Ligue contre le cancer du Bas-Rhin.<\/p>\n<p>  Classique et jazz<\/p>\n<p>L\u2019ensemble de saxophones, sous la direction du chef Arturo Sevilla, pr\u00e9sentera un programme vari\u00e9, classique et jazz, constitu\u00e9 d\u2019arrangements et d\u2019\u0153uvres originales, de la p\u00e9riode baroque \u00e0 nos jours, avec Arcangelo Corelli, Claude Debussy, Roberto Molinelli, Jean-Fran\u00e7ois Zygel, Philippe Geiss\u2026 Constitu\u00e9 de dix musiciens jouant toute la famille des saxophones, du sopranino \u00e0 la basse, l\u2019ensemble de saxophones est une formation qui surprend par ses multiples couleurs, des plus douces aux plus dynamiques.<\/p>\n<p class=\"note\">Vendredi 16\u00a0mai, de 20\u00a0h \u00e0 21\u00a0h\u00a030, \u00e0 la salle du Cercle, rue de l\u2019\u00c9glise, \u00e0 Bischheim. Entr\u00e9e libre, plateau \u00e0 la sortie. Possibilit\u00e9 de faire un don par ch\u00e8que au nom de la Ligue contre le cancer du Bas-Rhin contre un re\u00e7u fiscal.<\/p>\n","protected":false},"excerpt":{"rendered":"Un concert intitul\u00e9 \u201cSur un air de saxophones\u201d aura lieu le vendredi 16\u00a0mai \u00e0 la salle du Cercle&hellip;\n","protected":false},"author":2,"featured_media":98839,"comment_status":"","ping_status":"","sticky":false,"template":"","format":"standard","meta":{"footnotes":""},"categories":[2820],"tags":[1111,11,13205,1687,2880,1777,674,107,1011,27,775,873,12,25,640,3265],"class_list":{"0":"post-98838","1":"post","2":"type-post","3":"status-publish","4":"format-standard","5":"has-post-thumbnail","7":"category-strasbourg","8":"tag-actu","9":"tag-actualites","10":"tag-bischheim","11":"tag-culture-loisirs","12":"tag-edition-strasbourg","13":"tag-eu","14":"tag-europe","15":"tag-fil-info","16":"tag-fr","17":"tag-france","18":"tag-grand-est","19":"tag-musique","20":"tag-news","21":"tag-republique-francaise","22":"tag-strasbourg","23":"tag-strasbourg-nord"},"share_on_mastodon":{"url":"https:\/\/pubeurope.com\/@fr\/114505120742038530","error":""},"_links":{"self":[{"href":"https:\/\/www.europesays.com\/fr\/wp-json\/wp\/v2\/posts\/98838","targetHints":{"allow":["GET"]}}],"collection":[{"href":"https:\/\/www.europesays.com\/fr\/wp-json\/wp\/v2\/posts"}],"about":[{"href":"https:\/\/www.europesays.com\/fr\/wp-json\/wp\/v2\/types\/post"}],"author":[{"embeddable":true,"href":"https:\/\/www.europesays.com\/fr\/wp-json\/wp\/v2\/users\/2"}],"replies":[{"embeddable":true,"href":"https:\/\/www.europesays.com\/fr\/wp-json\/wp\/v2\/comments?post=98838"}],"version-history":[{"count":0,"href":"https:\/\/www.europesays.com\/fr\/wp-json\/wp\/v2\/posts\/98838\/revisions"}],"wp:featuredmedia":[{"embeddable":true,"href":"https:\/\/www.europesays.com\/fr\/wp-json\/wp\/v2\/media\/98839"}],"wp:attachment":[{"href":"https:\/\/www.europesays.com\/fr\/wp-json\/wp\/v2\/media?parent=98838"}],"wp:term":[{"taxonomy":"category","embeddable":true,"href":"https:\/\/www.europesays.com\/fr\/wp-json\/wp\/v2\/categories?post=98838"},{"taxonomy":"post_tag","embeddable":true,"href":"https:\/\/www.europesays.com\/fr\/wp-json\/wp\/v2\/tags?post=98838"}],"curies":[{"name":"wp","href":"https:\/\/api.w.org\/{rel}","templated":true}]}}