{"id":98840,"date":"2025-05-14T07:57:08","date_gmt":"2025-05-14T07:57:08","guid":{"rendered":"https:\/\/www.europesays.com\/fr\/98840\/"},"modified":"2025-05-14T07:57:08","modified_gmt":"2025-05-14T07:57:08","slug":"linternationale-suisse-nora-snedkerud-arrive-au-strasbourg-ath","status":"publish","type":"post","link":"https:\/\/www.europesays.com\/fr\/98840\/","title":{"rendered":"l&rsquo;internationale suisse Nora Snedkerud arrive au Strasbourg ATH"},"content":{"rendered":"<p>Lorsque l\u2019on annonce l\u2019arriv\u00e9e d\u2019une Suissesse, il y a la tentation d\u2019\u00e9voquer d\u2019embl\u00e9e <a href=\"https:\/\/www.dna.fr\/sport\/2021\/11\/02\/tabea-schmid-la-force-tranquille\" target=\"_blank\" rel=\"noopener\">Tabea Schmid qui a effectu\u00e9 un passage marquant au SATH (2021\/2022)<\/a> avant de poursuivre sa trajectoire ascendante \u00e0 Copenhague et bient\u00f4t \u00e0 Esbjerg. Le parall\u00e8le est d\u2019autant plus justifi\u00e9 que Nora Snedkerud \u00e9volue au m\u00eame poste de pivot et qu\u2019elle arrive quasiment au m\u00eame \u00e2ge (20 ans).<\/p>\n<p>\u00ab\u00a0Nous l\u2019avons d\u00e9couverte en fin de liste, explique Aur\u00e9lien Duraffourg, le manager g\u00e9n\u00e9ral des \u201cPiraths\u201d. Au d\u00e9part, nous voulions garder B\u00fcsra (Isikhan) qui a d\u00e9clin\u00e9 pour rentrer en Turquie. Nora correspond au profil que l\u2019on cherchait, capable de s\u2019installer en d\u00e9fense centrale et de combattre en attaque.\u00a0\u00a0\u00bb<\/p>\n<p>Ce contenu est bloqu\u00e9 car vous n&rsquo;avez pas accept\u00e9 les cookies et autres traceurs.<\/p>\n<p>En cliquant sur \u00ab J\u2019accepte \u00bb, les cookies et autres traceurs seront d\u00e9pos\u00e9s et vous pourrez visualiser les contenus  (<a href=\"\" class=\"consentModule_policy\" target=\"_blank\" title=\"Consulter la politique de protection des donn\u00e9es du fournisseur\">plus d&rsquo;informations<\/a>).<\/p>\n<p>En cliquant sur \u00ab J\u2019accepte tous les cookies \u00bb, vous autorisez des d\u00e9p\u00f4ts de cookies et autres traceurs pour le stockage de vos donn\u00e9es sur nos sites et applications \u00e0 des fins de personnalisation et de ciblage publicitaire.<\/p>\n<p class=\"consentModule_secondaryText\">Vous gardez la possibilit\u00e9 de retirer votre consentement \u00e0 tout moment en consultant notre <a href=\"https:\/\/www.dna.fr\/protection-des-donnees\" target=\"_blank\" title=\"Consulter notre politique de protection des donn\u00e9es\" rel=\"noopener\">politique de protection des donn\u00e9es<\/a>. <br \/>&#13;<br \/>\n            <a href=\"https:\/\/www.dna.fr\/sport\/2025\/05\/13\/javascript:Didomi.notice.show()\" class=\"consentModule_cmp\" target=\"_blank\" rel=\"noopener\">G\u00e9rer mes choix<\/a>&#13;\n        <\/p>\n<p>&#13;<br \/>\n                        J&rsquo;accepte&#13;<br \/>\n            J&rsquo;accepte tous les cookies&#13;\n        <\/p>\n<p>  \u00ab\u00a0Une \u00e9quipe \u00e0 fort potentiel\u00a0\u00bb<\/p>\n<p>Elle arrive de Nottwil (Spono Eagles), mais a aussi progress\u00e9 au sein de la Concordia Acad\u00e9mie qui rassemble les espoirs suisses. \u00ab\u00a0Elle conna\u00eet le contexte international puisqu\u2019elle a disput\u00e9 le dernier Euro, toutes proportions gard\u00e9es, elle suit le m\u00eame parcours que Tabea, pr\u00e9cise Aur\u00e9lien Durrafourg. Avec Louise (Cusset), Nora va constituer une paire tout \u00e0 fait int\u00e9ressante \u00e0 ce poste.\u00a0\u00a0\u00bb<\/p>\n<p>Le recrutement est d\u00e9sormais quasi boucl\u00e9. \u00ab\u00a0Il y a encore une r\u00e9flexion au sujet d\u2019une aili\u00e8re gauche, mais oui, il est boucl\u00e9 \u00e0 90\u00a0%, souligne le manager g\u00e9n\u00e9ral du club. Nous avons voulu b\u00e2tir une \u00e9quipe \u00e0 fort potentiel pour nous stabiliser entre la 6e et la 10e place, cela n\u00e9cessitera beaucoup de travail, mais elle ne pourra que se d\u00e9velopper chaque jour \u00e0 partir du mois de juillet. Elle correspond \u00e0 nos attentes sur le caract\u00e8re que l\u2019on souhaite lui donner avec des joueuses capables d\u2019incarner ce nouveau cycle.\u00a0\u00a0\u00bb<\/p>\n","protected":false},"excerpt":{"rendered":"Lorsque l\u2019on annonce l\u2019arriv\u00e9e d\u2019une Suissesse, il y a la tentation d\u2019\u00e9voquer d\u2019embl\u00e9e Tabea Schmid qui a effectu\u00e9&hellip;\n","protected":false},"author":2,"featured_media":98841,"comment_status":"","ping_status":"","sticky":false,"template":"","format":"standard","meta":{"footnotes":""},"categories":[2820],"tags":[1111,11,2880,1777,674,107,1011,27,775,1792,12,25,7770,517,640,12904,18463],"class_list":{"0":"post-98840","1":"post","2":"type-post","3":"status-publish","4":"format-standard","5":"has-post-thumbnail","7":"category-strasbourg","8":"tag-actu","9":"tag-actualites","10":"tag-edition-strasbourg","11":"tag-eu","12":"tag-europe","13":"tag-fil-info","14":"tag-fr","15":"tag-france","16":"tag-grand-est","17":"tag-handball","18":"tag-news","19":"tag-republique-francaise","20":"tag-secteur-de-truchtersheim","21":"tag-sport","22":"tag-strasbourg","23":"tag-strasbourg-ath","24":"tag-truchtersheim"},"share_on_mastodon":{"url":"https:\/\/pubeurope.com\/@fr\/114505124615096621","error":""},"_links":{"self":[{"href":"https:\/\/www.europesays.com\/fr\/wp-json\/wp\/v2\/posts\/98840","targetHints":{"allow":["GET"]}}],"collection":[{"href":"https:\/\/www.europesays.com\/fr\/wp-json\/wp\/v2\/posts"}],"about":[{"href":"https:\/\/www.europesays.com\/fr\/wp-json\/wp\/v2\/types\/post"}],"author":[{"embeddable":true,"href":"https:\/\/www.europesays.com\/fr\/wp-json\/wp\/v2\/users\/2"}],"replies":[{"embeddable":true,"href":"https:\/\/www.europesays.com\/fr\/wp-json\/wp\/v2\/comments?post=98840"}],"version-history":[{"count":0,"href":"https:\/\/www.europesays.com\/fr\/wp-json\/wp\/v2\/posts\/98840\/revisions"}],"wp:featuredmedia":[{"embeddable":true,"href":"https:\/\/www.europesays.com\/fr\/wp-json\/wp\/v2\/media\/98841"}],"wp:attachment":[{"href":"https:\/\/www.europesays.com\/fr\/wp-json\/wp\/v2\/media?parent=98840"}],"wp:term":[{"taxonomy":"category","embeddable":true,"href":"https:\/\/www.europesays.com\/fr\/wp-json\/wp\/v2\/categories?post=98840"},{"taxonomy":"post_tag","embeddable":true,"href":"https:\/\/www.europesays.com\/fr\/wp-json\/wp\/v2\/tags?post=98840"}],"curies":[{"name":"wp","href":"https:\/\/api.w.org\/{rel}","templated":true}]}}