{"id":98844,"date":"2025-05-14T07:59:07","date_gmt":"2025-05-14T07:59:07","guid":{"rendered":"https:\/\/www.europesays.com\/fr\/98844\/"},"modified":"2025-05-14T07:59:07","modified_gmt":"2025-05-14T07:59:07","slug":"pres-de-nice-un-accident-grave-perturbe-la-circulation-sur-la8-ce-que-lon-sait","status":"publish","type":"post","link":"https:\/\/www.europesays.com\/fr\/98844\/","title":{"rendered":"Pr\u00e8s de Nice. Un accident grave perturbe la circulation sur l&rsquo;A8, ce que l&rsquo;on sait"},"content":{"rendered":"<p>            Par<br \/>\n        <strong><br \/>\n            <a href=\"https:\/\/actu.fr\/auteur\/ugo-maillard\" title=\"Consulter tous les articles de Ugo Maillard\" rel=\"nofollow noopener\" target=\"_blank\">Ugo Maillard<\/a><br \/>\n        <\/strong><\/p>\n<p>        Publi\u00e9 le<\/p>\n<p>            14 mai 2025 \u00e0 8h50<br \/>\n        ; mis \u00e0 jour le 14 mai 2025 \u00e0 9h07    <\/p>\n<p>Ce mercredi 14\u00a0mai 2025 au matin, les sapeurs-pompiers des <a href=\"https:\/\/actu.fr\/provence-alpes-cote-d-azur\/alpes-maritimes_06\" rel=\"nofollow noopener\" target=\"_blank\">Alpes-Maritimes<\/a> sont intervenus sur l\u2019autoroute A8.<\/p>\n<p class=\" wall-content\">Un <strong>accident entre une voiture et une moto<\/strong> est survenu peu apr\u00e8s le p\u00e9age d\u2019Antibes, dans le sens Marseille \u2013 Lyon.<\/p>\n<p>    <a href=\"https:\/\/www.google.com\/maps\/embed?pb=!1m18!1m12!1m3!1d11556.35284597051!2d7.050198409150486!3d43.60470489999999!2m3!1f0!2f0!3f0!3m2!1i1024!2i768!4f13.1!3m3!1m2!1s0x12cc2b477626fa75%3A0x3e30f3828553b632!2sP%C3%89AGE%20D%27ANTIBES%20OUEST%20vers%20NORD!5e0!3m2!1sfr!2sfr!4v1747204995864!5m2!1sfr!2sfr\" title=\"Ouvrie le lien\" rel=\"nofollow noopener\" target=\"_blank\">Cliquez ici pour visualiser le contenu<\/a><\/p>\n<p class=\" wall-content\">Selon les informations des secours, transmises \u00e0 <a href=\"https:\/\/actu.fr\/nice\/\" rel=\"nofollow noopener\" target=\"_blank\">actu Nice<\/a>, l\u2019intervention a un impact sur la circulation qui ne s\u2019effectue plus que sur deux voies.<\/p>\n<p>Le motard pris en charge<\/p>\n<p class=\" wall-content\">La gendarmerie, les services autoroutiers ainsi qu\u2019une vingtaine de sapeurs-pompiers sont mobilis\u00e9s.<\/p>\n<p>Vid\u00e9os : en ce moment sur Actu<\/p>\n<p class=\" wall-content\">Les premiers \u00e9l\u00e9ments communiqu\u00e9s indiquent que les secours ont pris en charge le motard. Il s\u2019agit d\u2019un homme d\u2019une vingtaine d\u2019ann\u00e9es.\u00a0<\/p>\n<p class=\" wall-content\">Il a \u00e9t\u00e9 transport\u00e9 au centre hospitalier de Cannes dans un \u00e9tat grave.<\/p>\n<p class=\" wall-content\"><strong>Plus d\u2019informations \u00e0 suivre\u2026<\/strong><\/p>\n<p class=\" wall-content\">Suivez toute l\u2019actualit\u00e9 de vos villes et m\u00e9dias favoris en vous inscrivant \u00e0 <a href=\"https:\/\/moncompte.actu.fr\" title=\"D\u00e9couvez Mon Actu\" rel=\"nofollow noopener\" data-trk=\"{&quot;cta&quot;:{&quot;action&quot;:&quot;https:\\\/\\\/moncompte.actu.fr&quot;,&quot;category&quot;:&quot;mon compte&quot;,&quot;from&quot;:&quot;article footer&quot;,&quot;name&quot;:&quot;Mon actu&quot;,&quot;type&quot;:&quot;cta&quot;}}\" target=\"_blank\">Mon Actu<\/a>.<\/p>\n","protected":false},"excerpt":{"rendered":"Par Ugo Maillard Publi\u00e9 le 14 mai 2025 \u00e0 8h50 ; mis \u00e0 jour le 14 mai 2025&hellip;\n","protected":false},"author":2,"featured_media":98845,"comment_status":"","ping_status":"","sticky":false,"template":"","format":"standard","meta":{"footnotes":""},"categories":[2819],"tags":[119,1111,11,1777,674,118,1011,27,12,2401,1311,882,25],"class_list":{"0":"post-98844","1":"post","2":"type-post","3":"status-publish","4":"format-standard","5":"has-post-thumbnail","7":"category-nice","8":"tag-accident","9":"tag-actu","10":"tag-actualites","11":"tag-eu","12":"tag-europe","13":"tag-faits-divers","14":"tag-fr","15":"tag-france","16":"tag-news","17":"tag-nice","18":"tag-pompiers","19":"tag-provence-alpes-cote-dazur","20":"tag-republique-francaise"},"share_on_mastodon":{"url":"https:\/\/pubeurope.com\/@fr\/114505132636601242","error":""},"_links":{"self":[{"href":"https:\/\/www.europesays.com\/fr\/wp-json\/wp\/v2\/posts\/98844","targetHints":{"allow":["GET"]}}],"collection":[{"href":"https:\/\/www.europesays.com\/fr\/wp-json\/wp\/v2\/posts"}],"about":[{"href":"https:\/\/www.europesays.com\/fr\/wp-json\/wp\/v2\/types\/post"}],"author":[{"embeddable":true,"href":"https:\/\/www.europesays.com\/fr\/wp-json\/wp\/v2\/users\/2"}],"replies":[{"embeddable":true,"href":"https:\/\/www.europesays.com\/fr\/wp-json\/wp\/v2\/comments?post=98844"}],"version-history":[{"count":0,"href":"https:\/\/www.europesays.com\/fr\/wp-json\/wp\/v2\/posts\/98844\/revisions"}],"wp:featuredmedia":[{"embeddable":true,"href":"https:\/\/www.europesays.com\/fr\/wp-json\/wp\/v2\/media\/98845"}],"wp:attachment":[{"href":"https:\/\/www.europesays.com\/fr\/wp-json\/wp\/v2\/media?parent=98844"}],"wp:term":[{"taxonomy":"category","embeddable":true,"href":"https:\/\/www.europesays.com\/fr\/wp-json\/wp\/v2\/categories?post=98844"},{"taxonomy":"post_tag","embeddable":true,"href":"https:\/\/www.europesays.com\/fr\/wp-json\/wp\/v2\/tags?post=98844"}],"curies":[{"name":"wp","href":"https:\/\/api.w.org\/{rel}","templated":true}]}}