{"id":98848,"date":"2025-05-14T08:01:09","date_gmt":"2025-05-14T08:01:09","guid":{"rendered":"https:\/\/www.europesays.com\/fr\/98848\/"},"modified":"2025-05-14T08:01:09","modified_gmt":"2025-05-14T08:01:09","slug":"un-homme-transporte-aux-urgences","status":"publish","type":"post","link":"https:\/\/www.europesays.com\/fr\/98848\/","title":{"rendered":"un homme transport\u00e9 aux urgences"},"content":{"rendered":"<p>            Par<br \/>\n        <strong><br \/>\n            <a href=\"https:\/\/actu.fr\/auteur\/clemence-pays02-actu-fr\" title=\"Consulter tous les articles de Cl\u00e9mence Pays\" rel=\"nofollow noopener\" target=\"_blank\">Cl\u00e9mence Pays<\/a><br \/>\n        <\/strong><\/p>\n<p>        Publi\u00e9 le<\/p>\n<p>            14 mai 2025 \u00e0 9h14        <\/p>\n<p>Un <strong>grave accident<\/strong> est survenu au cours de la soir\u00e9e du mardi 13\u00a0mai 2025, \u00e0 Nantes. \u00c0 20\u2009h\u200933, les sapeurs-pompiers sont intervenus, boulevard des Martyrs Nantais de la R\u00e9sistance, \u00ab\u2009pour <strong>un accident entre un tramway et un cycliste\u2009\u00bb,<\/strong> annonce le centre op\u00e9rationnel d\u00e9partemental d\u2019incendie et de secours (Codis).<\/p>\n<p class=\" wall-content\">Sur place, le <strong>SMUR<\/strong> (structure mobile d\u2019urgence et de r\u00e9animation), mais aussi la police et Naolib ont \u00e9t\u00e9 \u00e9galement mobilis\u00e9s.<\/p>\n<p>Un bless\u00e9 grave<\/p>\n<p class=\" wall-content\">Selon les sapeurs-pompiers, le bilan fait \u00e9tat de <strong>deux victimes.<\/strong> Le cycliste, un homme de 45\u00a0ans <strong>\u00ab\u2009bless\u00e9 grave \u00ab\u2009<\/strong>a \u00e9t\u00e9 pris en charge,\u2009\u00bb m\u00e9dicalis\u00e9 et transport\u00e9 au <a href=\"https:\/\/actu.fr\/tag\/chu-de-nantes\" rel=\"nofollow noopener\" target=\"_blank\">CHU de Nantes<\/a>\u2009\u00bb.<\/p>\n<p class=\" wall-content\">Le conducteur du tramway est lui \u00ab\u2009choqu\u00e9\u2009\u00bb, pr\u00e9cise le Codis.<\/p>\n<p class=\" wall-content\">Suivez toute l\u2019actualit\u00e9 de vos villes et m\u00e9dias favoris en vous inscrivant \u00e0 <a href=\"https:\/\/moncompte.actu.fr\" title=\"D\u00e9couvez Mon Actu\" rel=\"nofollow noopener\" data-trk=\"{&quot;cta&quot;:{&quot;action&quot;:&quot;https:\\\/\\\/moncompte.actu.fr&quot;,&quot;category&quot;:&quot;mon compte&quot;,&quot;from&quot;:&quot;article footer&quot;,&quot;name&quot;:&quot;Mon actu&quot;,&quot;type&quot;:&quot;cta&quot;}}\" target=\"_blank\">Mon Actu<\/a>.<\/p>\n","protected":false},"excerpt":{"rendered":"Par Cl\u00e9mence Pays Publi\u00e9 le 14 mai 2025 \u00e0 9h14 Un grave accident est survenu au cours de&hellip;\n","protected":false},"author":2,"featured_media":98849,"comment_status":"","ping_status":"","sticky":false,"template":"","format":"standard","meta":{"footnotes":""},"categories":[2818],"tags":[119,1111,11,1777,674,118,1011,27,766,12,2636,1311,25],"class_list":{"0":"post-98848","1":"post","2":"type-post","3":"status-publish","4":"format-standard","5":"has-post-thumbnail","7":"category-nantes","8":"tag-accident","9":"tag-actu","10":"tag-actualites","11":"tag-eu","12":"tag-europe","13":"tag-faits-divers","14":"tag-fr","15":"tag-france","16":"tag-nantes","17":"tag-news","18":"tag-pays-de-la-loire","19":"tag-pompiers","20":"tag-republique-francaise"},"share_on_mastodon":{"url":"https:\/\/pubeurope.com\/@fr\/114505140426904878","error":""},"_links":{"self":[{"href":"https:\/\/www.europesays.com\/fr\/wp-json\/wp\/v2\/posts\/98848","targetHints":{"allow":["GET"]}}],"collection":[{"href":"https:\/\/www.europesays.com\/fr\/wp-json\/wp\/v2\/posts"}],"about":[{"href":"https:\/\/www.europesays.com\/fr\/wp-json\/wp\/v2\/types\/post"}],"author":[{"embeddable":true,"href":"https:\/\/www.europesays.com\/fr\/wp-json\/wp\/v2\/users\/2"}],"replies":[{"embeddable":true,"href":"https:\/\/www.europesays.com\/fr\/wp-json\/wp\/v2\/comments?post=98848"}],"version-history":[{"count":0,"href":"https:\/\/www.europesays.com\/fr\/wp-json\/wp\/v2\/posts\/98848\/revisions"}],"wp:featuredmedia":[{"embeddable":true,"href":"https:\/\/www.europesays.com\/fr\/wp-json\/wp\/v2\/media\/98849"}],"wp:attachment":[{"href":"https:\/\/www.europesays.com\/fr\/wp-json\/wp\/v2\/media?parent=98848"}],"wp:term":[{"taxonomy":"category","embeddable":true,"href":"https:\/\/www.europesays.com\/fr\/wp-json\/wp\/v2\/categories?post=98848"},{"taxonomy":"post_tag","embeddable":true,"href":"https:\/\/www.europesays.com\/fr\/wp-json\/wp\/v2\/tags?post=98848"}],"curies":[{"name":"wp","href":"https:\/\/api.w.org\/{rel}","templated":true}]}}