{"id":988506,"date":"2026-06-09T13:45:17","date_gmt":"2026-06-09T13:45:17","guid":{"rendered":"https:\/\/www.europesays.com\/fr\/988506\/"},"modified":"2026-06-09T13:45:17","modified_gmt":"2026-06-09T13:45:17","slug":"metropole-de-lyon-plus-de-1-000-reines-capturees-dans-cette-commune-du-sud-lyonnais-les-habitants-se-sont-pris-au-jeu-du-piegeage-de-frelons-asiatiques","status":"publish","type":"post","link":"https:\/\/www.europesays.com\/fr\/988506\/","title":{"rendered":"M\u00e9tropole de Lyon Plus de 1\u00a0000 reines captur\u00e9es\ufeff\u00a0: dans cette commune du sud lyonnais, les habitants se sont pris au jeu du pi\u00e9geage de frelons asiatiques"},"content":{"rendered":"<p>La p\u00e9riode de pi\u00e9geage des reines frelons asiatiques s\u2019est termin\u00e9e fin mai. L\u2019heure est au bilan. S\u2019il est excellent dans la commune, ce n\u2019est pas le cas partout. Les participants r\u00e9unis \u00e0 cette occasion salle Raspail ont d\u00e9couvert qu\u2019ils \u00e9taient les seuls \u00e0 pratiquer le pi\u00e9geage et qu\u2019aucune ville alentour ne participait \u00e0 cette campagne. <\/p>\n<p>Pierre Laforets, conseiller municipal en charge de cette action, a rapport\u00e9 que chaque ann\u00e9e le nombre de nids s\u2019accro\u00eet de 20 %. La Bretagne a \u00e9t\u00e9 envahie rapidement, la r\u00e9gion Auvergne Rh\u00f4ne-Alpes prend le m\u00eame chemin. Et pourtant il faudrait assurer la&#8230;<\/p>\n","protected":false},"excerpt":{"rendered":"La p\u00e9riode de pi\u00e9geage des reines frelons asiatiques s\u2019est termin\u00e9e fin mai. L\u2019heure est au bilan. S\u2019il est&hellip;\n","protected":false},"author":2,"featured_media":988507,"comment_status":"","ping_status":"","sticky":false,"template":"","format":"standard","meta":{"footnotes":"","_share_on_mastodon":"0"},"categories":[1889],"tags":[1111,11,2430,3154,436,1777,674,1011,27,2428,12,15665,15666,25,2429],"class_list":["post-988506","post","type-post","status-publish","format-standard","has-post-thumbnail","category-lyon","tag-actu","tag-actualites","tag-auvergne-rhone-alpes","tag-edition-sud-lyonnais","tag-environnement","tag-eu","tag-europe","tag-fr","tag-france","tag-lyon","tag-news","tag-oullins-pierre-benite","tag-oullins-ville","tag-republique-francaise","tag-rhone"],"share_on_mastodon":{"url":"https:\/\/pubeurope.com\/@fr\/116720456648113821","error":""},"_links":{"self":[{"href":"https:\/\/www.europesays.com\/fr\/wp-json\/wp\/v2\/posts\/988506","targetHints":{"allow":["GET"]}}],"collection":[{"href":"https:\/\/www.europesays.com\/fr\/wp-json\/wp\/v2\/posts"}],"about":[{"href":"https:\/\/www.europesays.com\/fr\/wp-json\/wp\/v2\/types\/post"}],"author":[{"embeddable":true,"href":"https:\/\/www.europesays.com\/fr\/wp-json\/wp\/v2\/users\/2"}],"replies":[{"embeddable":true,"href":"https:\/\/www.europesays.com\/fr\/wp-json\/wp\/v2\/comments?post=988506"}],"version-history":[{"count":0,"href":"https:\/\/www.europesays.com\/fr\/wp-json\/wp\/v2\/posts\/988506\/revisions"}],"wp:featuredmedia":[{"embeddable":true,"href":"https:\/\/www.europesays.com\/fr\/wp-json\/wp\/v2\/media\/988507"}],"wp:attachment":[{"href":"https:\/\/www.europesays.com\/fr\/wp-json\/wp\/v2\/media?parent=988506"}],"wp:term":[{"taxonomy":"category","embeddable":true,"href":"https:\/\/www.europesays.com\/fr\/wp-json\/wp\/v2\/categories?post=988506"},{"taxonomy":"post_tag","embeddable":true,"href":"https:\/\/www.europesays.com\/fr\/wp-json\/wp\/v2\/tags?post=988506"}],"curies":[{"name":"wp","href":"https:\/\/api.w.org\/{rel}","templated":true}]}}