{"id":98857,"date":"2025-05-14T08:06:15","date_gmt":"2025-05-14T08:06:15","guid":{"rendered":"https:\/\/www.europesays.com\/fr\/98857\/"},"modified":"2025-05-14T08:06:15","modified_gmt":"2025-05-14T08:06:15","slug":"le-cinema-sinvite-dans-les-ehpads-de-la-region","status":"publish","type":"post","link":"https:\/\/www.europesays.com\/fr\/98857\/","title":{"rendered":"Le cin\u00e9ma s\u2019invite dans les ehpads de la R\u00e9gion"},"content":{"rendered":"<p><img decoding=\"async\" class=\"\" style=\"width:100%\" src=\"https:\/\/www.europesays.com\/fr\/wp-content\/uploads\/2025\/05\/Photo_cinema_ehpad_11746553542378.jpg\" alt=\"Cin\u00e9ligue Hauts-de-France\"\/><\/p>\n<p>Le film En fanfare sera notamment diffus\u00e9. <\/p>\n<p>Cr\u00e9dit : Cin\u00e9ligue Hauts-de-France<\/p>\n<p data-syno-attrs=\"{&quot;textMarks&quot;:[{&quot;_&quot;:&quot;font_size&quot;,&quot;value&quot;:&quot;14pt&quot;},{&quot;_&quot;:&quot;font_family&quot;,&quot;value&quot;:&quot;Times New Roman&quot;}]}\"><strong>Si les plus fragiles ne peuvent plus aller au cin\u00e9ma, c\u2019est le cin\u00e9ma qui va venir \u00e0 eux\u2026<\/strong><\/p>\n<p data-syno-attrs=\"{&quot;textMarks&quot;:[{&quot;_&quot;:&quot;font_size&quot;,&quot;value&quot;:&quot;14pt&quot;},{&quot;_&quot;:&quot;font_family&quot;,&quot;value&quot;:&quot;Times New Roman&quot;}]}\">Cette semaine, <strong>c\u2019est le Festival de Cannes<\/strong>, la grande semaine du cin\u00e9ma en France. Les stars de partout dans le Monde vont venir sur la Croisette. <\/p>\n<p data-syno-attrs=\"{&quot;textMarks&quot;:[{&quot;_&quot;:&quot;font_size&quot;,&quot;value&quot;:&quot;14pt&quot;},{&quot;_&quot;:&quot;font_family&quot;,&quot;value&quot;:&quot;Times New Roman&quot;}]}\">Et \u00e0 cette occasion,<a href=\"https:\/\/www.facebook.com\/cineligueHdF\" rel=\"noopener\" target=\"_blank\"> l\u2019association Cin\u00e9ligue Hauts-de-France va offrir des s\u00e9ances de cin\u00e9mas\u2026 dans des maisons de retraites<\/a>. Ils vont s\u2019installer dans des ehpads, avec projecteur, \u00e9cran g\u00e9ant, pas une grande t\u00e9l\u00e9, non un \u00e9cran de cin\u00e9ma. <\/p>\n<p data-syno-attrs=\"{&quot;textMarks&quot;:[{&quot;_&quot;:&quot;font_size&quot;,&quot;value&quot;:&quot;14pt&quot;},{&quot;_&quot;:&quot;font_family&quot;,&quot;value&quot;:&quot;Times New Roman&quot;}]}\">Et <strong>ils vont proposer aux r\u00e9sidents des films mythiques, mais aussi des films r\u00e9cents<\/strong>, \u00e7a va se passer dans toute la R\u00e9gion, d\u2019Arneke \u00e0 Marquise, en passant par Esquelbecq. <\/p>\n<blockquote>\n<p data-syno-attrs=\"{&quot;textMarks&quot;:[{&quot;_&quot;:&quot;font_size&quot;,&quot;value&quot;:&quot;14pt&quot;},{&quot;_&quot;:&quot;font_family&quot;,&quot;value&quot;:&quot;Times New Roman&quot;}]}\">Timoth\u00e9e Donay, de Cin\u00e9ligue Hauts-de-France.<\/p>\n<\/blockquote>\n<p data-syno-attrs=\"{&quot;textMarks&quot;:[{&quot;_&quot;:&quot;font_size&quot;,&quot;value&quot;:&quot;14pt&quot;},{&quot;_&quot;:&quot;font_family&quot;,&quot;value&quot;:&quot;Times New Roman&quot;}]}\">Et dans la limite des places disponibles, le grand public est invit\u00e9 \u00e0 y participer, notamment les familles des r\u00e9sidents. Un beau moment de partage.<\/p>\n<p data-syno-attrs=\"{&quot;textMarks&quot;:[{&quot;_&quot;:&quot;font_size&quot;,&quot;value&quot;:&quot;14pt&quot;},{&quot;_&quot;:&quot;font_family&quot;,&quot;value&quot;:&quot;Times New Roman&quot;}]}\"><strong>La liste des s\u00e9ances :<\/strong><\/p>\n<p data-syno-attrs=\"{&quot;textMarks&quot;:[{&quot;_&quot;:&quot;font_size&quot;,&quot;value&quot;:&quot;14pt&quot;},{&quot;_&quot;:&quot;font_family&quot;,&quot;value&quot;:&quot;Times New Roman&quot;}]}\">Les Randonneuses (s\u00e9rie) \u00e0 Fruges &#8211; EHPAD Les Epriaux le 16 mai<\/p>\n<p data-syno-attrs=\"{&quot;textMarks&quot;:[{&quot;_&quot;:&quot;font_size&quot;,&quot;value&quot;:&quot;14pt&quot;},{&quot;_&quot;:&quot;font_family&quot;,&quot;value&quot;:&quot;Times New Roman&quot;}]}\">En Fanfare \u00e0 Arn\u00e8ke &#8211; R\u00e9sidence Van Kempen le 18 mai<\/p>\n<p>\u00a0Belle et S\u00e9bastien\u00a0\u00e0 Marquise &#8211; EHPAD La Sainte-Famille le\u00a021 mai<\/p>\n<p>Le Grand Chemin\u00a0\u00e0 Esquelbecq &#8211; EHPAD R\u00e9sidence Val d&rsquo;Yser le\u00a022 mai<\/p>\n<p>Rouge comme le ciel \u00e0 Le Quesnoy &#8211; R\u00e9sidence Vauban le\u00a022 mai.<\/p>\n<p>\u00a0<\/p>\n","protected":false},"excerpt":{"rendered":"Le film En fanfare sera notamment diffus\u00e9. Cr\u00e9dit : Cin\u00e9ligue Hauts-de-France Si les plus fragiles ne peuvent plus&hellip;\n","protected":false},"author":2,"featured_media":98858,"comment_status":"","ping_status":"","sticky":false,"template":"","format":"standard","meta":{"footnotes":""},"categories":[2815],"tags":[1111,11,21331,21322,650,7307,14637,21323,12216,1777,674,20493,21329,5634,21325,21326,1011,27,811,1307,21324,21330,12,14992,13737,21328,25,4153,21327],"class_list":{"0":"post-98857","1":"post","2":"type-post","3":"status-publish","4":"format-standard","5":"has-post-thumbnail","7":"category-lille","8":"tag-actu","9":"tag-actualites","10":"tag-arneke-a-marquise","11":"tag-cineligue","12":"tag-cinema","13":"tag-croisette","14":"tag-delta-fm","15":"tag-ecran-geant","16":"tag-ehpad","17":"tag-eu","18":"tag-europe","19":"tag-evenement-culturel","20":"tag-familles-des-residents","21":"tag-festival-de-cannes","22":"tag-films-mythiques","23":"tag-films-recents","24":"tag-fr","25":"tag-france","26":"tag-hauts-de-france","27":"tag-lille","28":"tag-maison-de-retraite","29":"tag-moment-convivial","30":"tag-news","31":"tag-partage","32":"tag-projection","33":"tag-public-invite","34":"tag-republique-francaise","35":"tag-residents","36":"tag-seances-de-cinema"},"share_on_mastodon":{"url":"https:\/\/pubeurope.com\/@fr\/114505160462447535","error":""},"_links":{"self":[{"href":"https:\/\/www.europesays.com\/fr\/wp-json\/wp\/v2\/posts\/98857","targetHints":{"allow":["GET"]}}],"collection":[{"href":"https:\/\/www.europesays.com\/fr\/wp-json\/wp\/v2\/posts"}],"about":[{"href":"https:\/\/www.europesays.com\/fr\/wp-json\/wp\/v2\/types\/post"}],"author":[{"embeddable":true,"href":"https:\/\/www.europesays.com\/fr\/wp-json\/wp\/v2\/users\/2"}],"replies":[{"embeddable":true,"href":"https:\/\/www.europesays.com\/fr\/wp-json\/wp\/v2\/comments?post=98857"}],"version-history":[{"count":0,"href":"https:\/\/www.europesays.com\/fr\/wp-json\/wp\/v2\/posts\/98857\/revisions"}],"wp:featuredmedia":[{"embeddable":true,"href":"https:\/\/www.europesays.com\/fr\/wp-json\/wp\/v2\/media\/98858"}],"wp:attachment":[{"href":"https:\/\/www.europesays.com\/fr\/wp-json\/wp\/v2\/media?parent=98857"}],"wp:term":[{"taxonomy":"category","embeddable":true,"href":"https:\/\/www.europesays.com\/fr\/wp-json\/wp\/v2\/categories?post=98857"},{"taxonomy":"post_tag","embeddable":true,"href":"https:\/\/www.europesays.com\/fr\/wp-json\/wp\/v2\/tags?post=98857"}],"curies":[{"name":"wp","href":"https:\/\/api.w.org\/{rel}","templated":true}]}}