{"id":98864,"date":"2025-05-14T08:11:06","date_gmt":"2025-05-14T08:11:06","guid":{"rendered":"https:\/\/www.europesays.com\/fr\/98864\/"},"modified":"2025-05-14T08:11:06","modified_gmt":"2025-05-14T08:11:06","slug":"la-dispute-tourne-mal-un-homme-entre-la-vie-et-la-mort-apres-un-coup-de-couteau-pres-de-la-gare-part-dieu","status":"publish","type":"post","link":"https:\/\/www.europesays.com\/fr\/98864\/","title":{"rendered":"la dispute tourne mal, un homme entre la vie et la mort apr\u00e8s un coup de couteau pr\u00e8s de la gare Part-Dieu"},"content":{"rendered":"<p itemprop=\"description\"><strong>Une dispute serait \u00e0 l\u2019origine des faits survenus \u00e0 proximit\u00e9 d\u2019un arr\u00eat de bus.<\/strong><\/p>\n<p>Un homme a \u00e9t\u00e9 gri\u00e8vement bless\u00e9 ce mardi apr\u00e8s-midi un peu avant 16h tout pr\u00e8s de la gare de la Part-Dieu dans le 3e arrondissement de Lyon. Il aurait re\u00e7u un coup de couteau lors d\u2019une dispute entre deux personnes survenue au niveau de l\u2019arr\u00eat de bus C9 \u00e0 c\u00f4t\u00e9 de la biblioth\u00e8que municipale, rapporte l\u2019AFP.<\/p>\n<p>Prise en charge par les secours pour une grave blessure au niveau de l\u2019aisselle, la victime n\u2019a pas manqu\u00e9 de se montrer violente contre les pompiers. Son pronostic vital \u00e9tait malgr\u00e9 tout engag\u00e9 au moment de son transfert vers l\u2019h\u00f4pital.<\/p>\n<p>L\u2019auteur du coup de couteau a pris la fuite et est activement recherch\u00e9. Une enqu\u00eate a \u00e9t\u00e9 ouverte.\u00a0<\/p>\n","protected":false},"excerpt":{"rendered":"Une dispute serait \u00e0 l\u2019origine des faits survenus \u00e0 proximit\u00e9 d\u2019un arr\u00eat de bus. Un homme a \u00e9t\u00e9&hellip;\n","protected":false},"author":2,"featured_media":98865,"comment_status":"","ping_status":"","sticky":false,"template":"","format":"standard","meta":{"footnotes":""},"categories":[1889],"tags":[1111,11,2813,2190,2430,1109,251,1112,2811,1777,674,118,1011,27,1922,1110,1114,2428,2810,12,241,316,25,2812,517,800],"class_list":{"0":"post-98864","1":"post","2":"type-post","3":"status-publish","4":"format-standard","5":"has-post-thumbnail","7":"category-lyon","8":"tag-actu","9":"tag-actualites","10":"tag-article","11":"tag-asvel","12":"tag-auvergne-rhone-alpes","13":"tag-breves","14":"tag-culture","15":"tag-depeches","16":"tag-economique","17":"tag-eu","18":"tag-europe","19":"tag-faits-divers","20":"tag-fr","21":"tag-france","22":"tag-info","23":"tag-informations","24":"tag-infos","25":"tag-lyon","26":"tag-lyonmag","27":"tag-news","28":"tag-ol","29":"tag-politique","30":"tag-republique-francaise","31":"tag-sociale","32":"tag-sport","33":"tag-transports"},"share_on_mastodon":{"url":"https:\/\/pubeurope.com\/@fr\/114505179938785653","error":""},"_links":{"self":[{"href":"https:\/\/www.europesays.com\/fr\/wp-json\/wp\/v2\/posts\/98864","targetHints":{"allow":["GET"]}}],"collection":[{"href":"https:\/\/www.europesays.com\/fr\/wp-json\/wp\/v2\/posts"}],"about":[{"href":"https:\/\/www.europesays.com\/fr\/wp-json\/wp\/v2\/types\/post"}],"author":[{"embeddable":true,"href":"https:\/\/www.europesays.com\/fr\/wp-json\/wp\/v2\/users\/2"}],"replies":[{"embeddable":true,"href":"https:\/\/www.europesays.com\/fr\/wp-json\/wp\/v2\/comments?post=98864"}],"version-history":[{"count":0,"href":"https:\/\/www.europesays.com\/fr\/wp-json\/wp\/v2\/posts\/98864\/revisions"}],"wp:featuredmedia":[{"embeddable":true,"href":"https:\/\/www.europesays.com\/fr\/wp-json\/wp\/v2\/media\/98865"}],"wp:attachment":[{"href":"https:\/\/www.europesays.com\/fr\/wp-json\/wp\/v2\/media?parent=98864"}],"wp:term":[{"taxonomy":"category","embeddable":true,"href":"https:\/\/www.europesays.com\/fr\/wp-json\/wp\/v2\/categories?post=98864"},{"taxonomy":"post_tag","embeddable":true,"href":"https:\/\/www.europesays.com\/fr\/wp-json\/wp\/v2\/tags?post=98864"}],"curies":[{"name":"wp","href":"https:\/\/api.w.org\/{rel}","templated":true}]}}