{"id":98870,"date":"2025-05-14T08:14:11","date_gmt":"2025-05-14T08:14:11","guid":{"rendered":"https:\/\/www.europesays.com\/fr\/98870\/"},"modified":"2025-05-14T08:14:11","modified_gmt":"2025-05-14T08:14:11","slug":"les-valeurs-a-suivre-a-paris-et-en-europe-actualise-14-05-2025-a-0855","status":"publish","type":"post","link":"https:\/\/www.europesays.com\/fr\/98870\/","title":{"rendered":"Les valeurs \u00e0 suivre \u00e0 Paris et en Europe (actualis\u00e9) &#8211; 14\/05\/2025 \u00e0 08:55"},"content":{"rendered":"<p>\n *\n<\/p>\n<p>\n Variation des futures sur indice CAC 40  0#FCE:\n<\/p>\n<p>\n *\n<\/p>\n<p>\n Variation des futures sur indice Stoxx 600  0#FXXP:\n<\/p>\n<p>\n *\n<\/p>\n<p>\n Valeurs qui se traitent ex-dividende  .EX.PA\n<\/p>\n<p>\n *\n<\/p>\n<p>\n Le point sur les march\u00e9s europ\u00e9ens  .EUFR\n<\/p>\n<p>\n (Actualis\u00e9 avec Telef\u00f3nica, Beneteau,<br \/>\nUnibail-Rodamco-Westfield, Eurazeo)\n<\/p>\n<p>\n Les valeurs \u00e0 suivre mercredi<br \/>\n\u00e0 la Bourse de Paris et en Europe :\n<\/p>\n<p>\n * BOUYGUES<br \/>\n <a href=\"https:\/\/www.boursorama.com\/cours\/1rPEN\/\" rel=\"nofollow noopener\" target=\"_blank\"><br \/>\n  BOUY.PA<br \/>\n <\/a><br \/>\n a enregistr\u00e9 mardi une hausse de 43% de<br \/>\nson r\u00e9sultat op\u00e9rationnel courant des activit\u00e9s (ROCA) au<br \/>\npremier trimestre, soutenue par la performance d\u2019Equans et<br \/>\nd\u00e9passant largement les attentes du march\u00e9.\n<\/p>\n<p>\n * ALSTOM<br \/>\n <a href=\"https:\/\/www.boursorama.com\/cours\/1rPALO\/\" rel=\"nofollow noopener\" target=\"_blank\"><br \/>\n  ALSO.PA<br \/>\n <\/a><br \/>\n a annonc\u00e9 mercredi anticiper une<br \/>\ncroissance organique de son chiffre d&rsquo;affaires comprise entre 3%<br \/>\net 5% sur son exercice fiscal 2025\/26, apr\u00e8s avoir d\u00e9pass\u00e9 les<br \/>\nattentes des analystes sur 2024\/25.\n<\/p>\n<p>\n * ATOS<br \/>\n <a href=\"https:\/\/www.boursorama.com\/cours\/1rPATO\/\" rel=\"nofollow noopener\" target=\"_blank\"><br \/>\n  ATOS.PA<br \/>\n <\/a><br \/>\n a d\u00e9voil\u00e9 mercredi ses objectifs \u00e0<br \/>\nl&rsquo;horizon 2028 \u00e0 l&rsquo;occasion de la pr\u00e9sentation de son plan<br \/>\nstrat\u00e9gique \u00ab\u00a0Genesis\u00a0\u00bb, lors du \u00ab\u00a0Capital markets day\u00a0\u00bb du groupe<br \/>\nfran\u00e7ais de services informatiques.\n<\/p>\n<p>\n * KERING<br \/>\n <a href=\"https:\/\/www.boursorama.com\/cours\/1rPKER\/\" rel=\"nofollow noopener\" target=\"_blank\"><br \/>\n  PRTP.PA<br \/>\n <\/a><br \/>\n , propri\u00e9taire de la marque Gucci, a<br \/>\nconstat\u00e9 une forte baisse de la demande pour ses produits de<br \/>\nluxe et de mode aux Etats-Unis, a d\u00e9clar\u00e9 son directeur g\u00e9n\u00e9ral,<br \/>\nFran\u00e7ois-Henri Pinault lors d&rsquo;une audition au S\u00e9nat mardi.\n<\/p>\n<p>\n * EIFFAGE<br \/>\n <a href=\"https:\/\/www.boursorama.com\/cours\/1rPFGR\/\" rel=\"nofollow noopener\" target=\"_blank\"><br \/>\n  FOUG.PA<br \/>\n <\/a><br \/>\n a fait \u00e9tat mardi d&rsquo;un chiffre<br \/>\nd\u2019affaires en hausse de 8,3% au premier trimestre, tir\u00e9 en<br \/>\nparticulier par l&rsquo;activit\u00e9 Travaux.\n<\/p>\n<p>\n *\n<\/p>\n<p>\n UNIBAIL-RODAMCO-WESTFIELD\n<\/p>\n<p>\n (URW)<br \/>\n <a href=\"https:\/\/www.boursorama.com\/cours\/1rPURW\/\" rel=\"nofollow noopener\" target=\"_blank\"><br \/>\n  URW.PA<br \/>\n <\/a><br \/>\n a pr\u00e9sent\u00e9 mercredi sa feuille de route pour<br \/>\n2025-2028, anticipant notamment un exc\u00e9dent brut d&rsquo;exploitation<br \/>\n(EBE) en croissance de 5,80% \u00e0 6,60% sur la p\u00e9riode, soutenu par<br \/>\nl\u2019indexation, l\u2019augmentation des loyers et du taux d&rsquo;occupation<br \/>\net les gains de parts de march\u00e9.\n<\/p>\n<p>\n * TRIGANO<br \/>\n <a href=\"https:\/\/www.boursorama.com\/cours\/1rPTRI\/\" rel=\"nofollow noopener\" target=\"_blank\"><br \/>\n  TRIA.PA<br \/>\n <\/a><br \/>\n a annonc\u00e9 mardi viser une reprise de la<br \/>\ndemande au mieux au cours de l&rsquo;exercice 2026 apr\u00e8s avoir fait<br \/>\n\u00e9tat d&rsquo;une baisse de son r\u00e9sultat op\u00e9rationnel courant au<br \/>\npremier semestre 2025, citant des probl\u00e8mes de surstocks.\n<\/p>\n<p>\n * BENETEAU<br \/>\n <a href=\"https:\/\/www.boursorama.com\/cours\/1rPBEN\/\" rel=\"nofollow noopener\" target=\"_blank\"><br \/>\n  CHBE.PA<br \/>\n <\/a><br \/>\n a annonc\u00e9 mardi soir que les<br \/>\nmesures mises en oeuvre sur les droits de douane pourraient<br \/>\naffecter le r\u00e9sultat operationnel courant du groupe de pr\u00e8s de<br \/>\n10 millions d&rsquo;euros en 2025.\n<\/p>\n<p>\n * STELLANTIS<br \/>\n <a href=\"https:\/\/www.boursorama.com\/cours\/1gSTLAM\/\" rel=\"nofollow noopener\" target=\"_blank\"><br \/>\n  STLAM.MI<br \/>\n <\/a><br \/>\n actualisera le mois prochain un<br \/>\nprojet de relance de sa production de v\u00e9hicules en Italie<br \/>\npr\u00e9sent\u00e9 \u00e0 la fin de l&rsquo;ann\u00e9e derni\u00e8re, a d\u00e9clar\u00e9 mardi<br \/>\nJean-Philippe Imparato, le directeur des op\u00e9rations europ\u00e9ennes<br \/>\ndu constructeur automobile franco-italo-am\u00e9ricain.\n<\/p>\n<p>\n * ARCELORMITTAL<br \/>\n <a href=\"https:\/\/www.boursorama.com\/cours\/1rAMT\/\" rel=\"nofollow noopener\" target=\"_blank\"><br \/>\n  MT.AS<br \/>\n <\/a><br \/>\n &#8211; Le pr\u00e9sident de la R\u00e9publique<br \/>\nEmmanuel Macron a exclu mardi lors d&rsquo;un long entretien sur TF1<br \/>\nde nationaliser le groupe qui a annonc\u00e9 en avril la suppression<br \/>\n\u00e0 venir d&rsquo;environ 600 postes en France, invoquant la crise qui<br \/>\nfrappe l&rsquo;industrie de l&rsquo;acier en Europe.\n<\/p>\n<p>\n * AMUNDI<br \/>\n <a href=\"https:\/\/www.boursorama.com\/cours\/1rPAMUN\/\" rel=\"nofollow noopener\" target=\"_blank\"><br \/>\n  AMUN.PA<br \/>\n <\/a><br \/>\n a annonc\u00e9 mardi soir que sa filiale CPRAM<br \/>\net BFT IM allaient s&rsquo;associer pour cr\u00e9er une entit\u00e9 sp\u00e9cialis\u00e9e<br \/>\ndans la gestion active en France. La fusion devrait \u00eatre<br \/>\nfinalis\u00e9e d&rsquo;ici fin 2025 et donnera naissance \u00e0 la 10e soci\u00e9t\u00e9<br \/>\nde gestion d&rsquo;actifs fran\u00e7aise.\n<\/p>\n<p>\n * EURAZEO<br \/>\n <a href=\"https:\/\/www.boursorama.com\/cours\/1rPRF\/\" rel=\"nofollow noopener\" target=\"_blank\"><br \/>\n  EURA.PA<br \/>\n <\/a><br \/>\n a annonc\u00e9 mardi avoir finalis\u00e9 la<br \/>\ncession d&rsquo;Albingia, assureur de risques d\u2019entreprises, \u00e0 un<br \/>\nconsortium men\u00e9 par La Financi\u00e8re de Blacailloux (Fiblac),<br \/>\nholding de la famille Chamoin.\n<\/p>\n<p>\n * TUI<br \/>\n <a href=\"https:\/\/www.boursorama.com\/cours\/1zTUI1\/\" rel=\"nofollow noopener\" target=\"_blank\"><br \/>\n  TUI1n.DE<br \/>\n <\/a><br \/>\n &#8211; Le premier voyagiste europ\u00e9en a fait \u00e9tat<br \/>\nmercredi d&rsquo;une perte d&rsquo;exploitation moins marqu\u00e9e que pr\u00e9vu au<br \/>\ntitre du premier trimestre, tandis que le chiffre d&rsquo;affaires<br \/>\ntrimestriel du groupe s&rsquo;est l\u00e9g\u00e8rement am\u00e9lior\u00e9 par rapport \u00e0<br \/>\nl&rsquo;ann\u00e9e pr\u00e9c\u00e9dente.\n<\/p>\n<p>\n * BRENNTAG<br \/>\n <a href=\"https:\/\/www.boursorama.com\/cours\/1zBNR\/\" rel=\"nofollow noopener\" target=\"_blank\"><br \/>\n  BNRGn.DE<br \/>\n <\/a><br \/>\n &#8211; Le distributeur allemand de produits<br \/>\nchimiques a publi\u00e9 mercredi un b\u00e9n\u00e9fice trimestriel inf\u00e9rieur<br \/>\naux attentes, p\u00e9nalis\u00e9 par un environnement commercial toujours<br \/>\ndifficile.\n<\/p>\n<p>\n * ABN AMRO<br \/>\n <a href=\"https:\/\/www.boursorama.com\/cours\/1rAABN\/\" rel=\"nofollow noopener\" target=\"_blank\"><br \/>\n  ABNd.AS<br \/>\n <\/a><br \/>\n a fait \u00e9tat mercredi d&rsquo;un b\u00e9n\u00e9fice net<br \/>\nsup\u00e9rieur aux pr\u00e9visions du march\u00e9 au titre du premier<br \/>\ntrimestre, la banque n\u00e9erlandaise ayant profit\u00e9 notamment de la<br \/>\nr\u00e9silience des revenus d&rsquo;int\u00e9r\u00eats nets.\n<\/p>\n<p>\n * INPOST<br \/>\n <a href=\"https:\/\/www.boursorama.com\/cours\/1rAINPST\/\" rel=\"nofollow noopener\" target=\"_blank\"><br \/>\n  INPST.AS<br \/>\n <\/a><br \/>\n &#8211; Le groupe de logistique a publi\u00e9<br \/>\nmercredi un b\u00e9n\u00e9fice d&rsquo;exploitation meilleur que pr\u00e9vu au titre<br \/>\ndu premier trimestre et a relev\u00e9 ses pr\u00e9visions de chiffre<br \/>\nd&rsquo;affaires et de volumes pour prenre en compte une r\u00e9cente<br \/>\nacquisition en Grande-Bretagne.\n<\/p>\n<p>\n * BURBERRY<br \/>\n <a href=\"https:\/\/www.boursorama.com\/cours\/1uBRBY.L\/\" rel=\"nofollow noopener\" target=\"_blank\"><br \/>\n  BRBY.L<br \/>\n <\/a><br \/>\n &#8211; La marque de luxe britannique a<br \/>\nenregistr\u00e9 mercredi une baisse moins marqu\u00e9e que pr\u00e9vu de ses<br \/>\nventes au quatri\u00e8me trimestre et un meilleur b\u00e9n\u00e9fice<br \/>\nd&rsquo;exploitation ajust\u00e9 pour l&rsquo;exercice clos le 29 mars, tout en<br \/>\nsoulignant l&rsquo;am\u00e9lioration du sentiment autour de la marque.\n<\/p>\n<p>\n * COMPASS GROUP<br \/>\n <a href=\"https:\/\/www.boursorama.com\/cours\/1uCPG.L\/\" rel=\"nofollow noopener\" target=\"_blank\"><br \/>\n  CPG.L<br \/>\n <\/a><br \/>\n &#8211; Le groupe britannique de<br \/>\nrestauration collective a maintenu mercredi ses pr\u00e9visions de<br \/>\nb\u00e9n\u00e9fices et de chiffre d&rsquo;affaires annuels, apr\u00e8s avoir fait<br \/>\n\u00e9tat d&rsquo;un b\u00e9n\u00e9fice d&rsquo;exploitation au premier semestre sup\u00e9rieur<br \/>\naux attentes du march\u00e9 gr\u00e2ce \u00e0 de nouveaux contrats.\n<\/p>\n<p>\n * IMPERIAL BRANDS<br \/>\n <a href=\"https:\/\/www.boursorama.com\/cours\/1uIMB.L\/\" rel=\"nofollow noopener\" target=\"_blank\"><br \/>\n  IMB.L<br \/>\n <\/a><br \/>\n &#8211; Le fabricant de cigarettes a<br \/>\nannonc\u00e9 mercredi le d\u00e9part de son directeur g\u00e9n\u00e9ral Stefan<br \/>\nBomhard qui sera remplac\u00e9 par le directeur financier Lukas<br \/>\nParavicini.\n<\/p>\n<p>\n * STANDARD CHARTERED<br \/>\n <a href=\"https:\/\/www.boursorama.com\/cours\/1uSTAN.L\/\" rel=\"nofollow noopener\" target=\"_blank\"><br \/>\n  STAN.L<br \/>\n <\/a><br \/>\n &#8211; Le courtier en<br \/>\ncryptomonnaies FalconX et la banque britannique Standard<br \/>\nChartered ont annonc\u00e9 mercredi avoir nou\u00e9 un partenariat<br \/>\nstrat\u00e9gique pour proposer aux investisseurs institutionnels des<br \/>\nactifs num\u00e9riques via les canaux financiers traditionnels.\n<\/p>\n<p>\n * UNICREDIT<br \/>\n <a href=\"https:\/\/www.boursorama.com\/cours\/1gUCG\/\" rel=\"nofollow noopener\" target=\"_blank\"><br \/>\n  CRDI.MI<br \/>\n <\/a><br \/>\n , BANCO BPM<br \/>\n <a href=\"https:\/\/www.boursorama.com\/cours\/1gBAMI\/\" rel=\"nofollow noopener\" target=\"_blank\"><br \/>\n  BAMI.MI<br \/>\n <\/a><br \/>\n &#8211; Une premi\u00e8re<br \/>\nr\u00e9union de proc\u00e9dure entre UniCredit et les responsables du<br \/>\ngouvernement en charge des pouvoirs sp\u00e9ciaux (\u00ab\u00a0golden powers\u00a0\u00bb)<br \/>\ndoit avoir lieu le 15 mai, ont rapport\u00e9 mardi \u00e0 Reuters des<br \/>\nsources. UniCredit a \u00e9mis des objections \u00e0 la d\u00e9cision du<br \/>\ngouvernement d&rsquo;imposer des conditions \u00e0 l&rsquo;accord avec Banco BPM.\n<\/p>\n<p>\n * TELECOM ITALIA (TIM)<br \/>\n <a href=\"https:\/\/www.boursorama.com\/cours\/1gTIT\/\" rel=\"nofollow noopener\" target=\"_blank\"><br \/>\n  TLIT.MI<br \/>\n <\/a><br \/>\n &#8211; Le premier op\u00e9rateur<br \/>\nt\u00e9l\u00e9coms italien envisage d&rsquo;ajouter l&rsquo;assurance, les paiements<br \/>\nnum\u00e9riques et l&rsquo;\u00e9nergie \u00e0 ses activit\u00e9s ont rapport\u00e9 mardi \u00e0<br \/>\nReuters deux sources.\n<\/p>\n<p>\n * SWEDBANK<br \/>\n <a href=\"https:\/\/www.boursorama.com\/cours\/2u0H6T.LQ\/\" rel=\"nofollow noopener\" target=\"_blank\"><br \/>\n  SWEDa.ST<br \/>\n <\/a><br \/>\n &#8211; L&rsquo;autorit\u00e9 su\u00e9doise de surveillance<br \/>\nfinanci\u00e8re a annonc\u00e9 mercredi avoir inflig\u00e9 une amende de 12,5<br \/>\nmillions de couronnes (1,15 million d&rsquo;euros) \u00e0 Swedbank\n<\/p>\n<p>\n <a href=\"https:\/\/www.boursorama.com\/cours\/2u0H6T.LQ\/\" rel=\"nofollow noopener\" target=\"_blank\"><br \/>\n  SWEDa.ST<br \/>\n <\/a><br \/>\n pour non-respect des r\u00e8gles en mati\u00e8re de s\u00e9curit\u00e9<br \/>\nentre juillet 2022 et janvier 2024.\n<\/p>\n<p>\n * JULIUS BAER<br \/>\n <a href=\"https:\/\/www.boursorama.com\/cours\/2aBAER\/\" rel=\"nofollow noopener\" target=\"_blank\"><br \/>\n  BAER.S<br \/>\n <\/a><br \/>\n a \u00e9t\u00e9 condamn\u00e9 \u00e0 payer 5 millions de<br \/>\ndollars pour une \u00ab\u00a0violation grave\u00a0\u00bb de la r\u00e9glementation,<br \/>\nrapporte le Financial Times.\n<\/p>\n<p>\n *\n<\/p>\n<p>\n TELEF\u00d3NICA\n<\/p>\n<p>\n <a href=\"https:\/\/www.boursorama.com\/cours\/FF55-TEF\/\" rel=\"nofollow noopener\" target=\"_blank\"><br \/>\n  TEF.MC<br \/>\n <\/a><br \/>\n &#8211; Le groupe espagnole de t\u00e9l\u00e9coms a fait \u00e9tat<br \/>\nmercredi d&rsquo;une perte nette de 1,3 milliard d&rsquo;euros au premier<br \/>\ntrimestre, en raison notamment de d\u00e9pr\u00e9ciations au P\u00e9rou et en<br \/>\nArgentine.\n<\/p>\n<p>\n * FERROVIAL  FERF.AS  &#8211; Le g\u00e9ant espagnol du BTP a annonc\u00e9<br \/>\nmardi une hausse de 19% de son b\u00e9n\u00e9fice net au premier<br \/>\ntrimestre, gr\u00e2ce \u00e0 la bonne performance de son activit\u00e9<br \/>\nd&rsquo;autoroutes \u00e0 p\u00e9age aux Etats-Unis.\n<\/p>\n<p>\n L&rsquo;AGENDA FRANCE &amp; INTERNATIONAL \u00c0 7 JOURS:<\/p>\n<p> nL8N3RH0VK\n<\/p>\n<p>\n (R\u00e9dig\u00e9 par Claude Chendjou, \u00e9dit\u00e9 par Blandine H\u00e9nault)<\/p>\n","protected":false},"excerpt":{"rendered":"* Variation des futures sur indice CAC 40 0#FCE: * Variation des futures sur indice Stoxx 600 0#FXXP:&hellip;\n","protected":false},"author":2,"featured_media":64038,"comment_status":"","ping_status":"","sticky":false,"template":"","format":"standard","meta":{"footnotes":""},"categories":[1888],"tags":[400,1111,1928,11,1927,398,408,405,1777,674,1011,27,403,402,399,404,12,1926,626,1925,25,401,406,407],"class_list":{"0":"post-98870","1":"post","2":"type-post","3":"status-publish","4":"format-standard","5":"has-post-thumbnail","7":"category-paris","8":"tag-action-cac-40","9":"tag-actu","10":"tag-actu-paris","11":"tag-actualites","12":"tag-actualites-paris","13":"tag-bourse-de-paris","14":"tag-boursorama","15":"tag-cotations","16":"tag-eu","17":"tag-europe","18":"tag-fr","19":"tag-france","20":"tag-indices-devises","21":"tag-investir","22":"tag-investissement","23":"tag-marche-boursier","24":"tag-news","25":"tag-news-paris","26":"tag-paris","27":"tag-paris-news","28":"tag-republique-francaise","29":"tag-sicav","30":"tag-trackers","31":"tag-warrants"},"share_on_mastodon":{"url":"https:\/\/pubeurope.com\/@fr\/114505191495993045","error":""},"_links":{"self":[{"href":"https:\/\/www.europesays.com\/fr\/wp-json\/wp\/v2\/posts\/98870","targetHints":{"allow":["GET"]}}],"collection":[{"href":"https:\/\/www.europesays.com\/fr\/wp-json\/wp\/v2\/posts"}],"about":[{"href":"https:\/\/www.europesays.com\/fr\/wp-json\/wp\/v2\/types\/post"}],"author":[{"embeddable":true,"href":"https:\/\/www.europesays.com\/fr\/wp-json\/wp\/v2\/users\/2"}],"replies":[{"embeddable":true,"href":"https:\/\/www.europesays.com\/fr\/wp-json\/wp\/v2\/comments?post=98870"}],"version-history":[{"count":0,"href":"https:\/\/www.europesays.com\/fr\/wp-json\/wp\/v2\/posts\/98870\/revisions"}],"wp:featuredmedia":[{"embeddable":true,"href":"https:\/\/www.europesays.com\/fr\/wp-json\/wp\/v2\/media\/64038"}],"wp:attachment":[{"href":"https:\/\/www.europesays.com\/fr\/wp-json\/wp\/v2\/media?parent=98870"}],"wp:term":[{"taxonomy":"category","embeddable":true,"href":"https:\/\/www.europesays.com\/fr\/wp-json\/wp\/v2\/categories?post=98870"},{"taxonomy":"post_tag","embeddable":true,"href":"https:\/\/www.europesays.com\/fr\/wp-json\/wp\/v2\/tags?post=98870"}],"curies":[{"name":"wp","href":"https:\/\/api.w.org\/{rel}","templated":true}]}}