{"id":98871,"date":"2025-05-14T08:15:10","date_gmt":"2025-05-14T08:15:10","guid":{"rendered":"https:\/\/www.europesays.com\/fr\/98871\/"},"modified":"2025-05-14T08:15:10","modified_gmt":"2025-05-14T08:15:10","slug":"les-cars-de-tourisme-boutes-hors-de-paris-lobjectif-est-de-les-sortir-de-la-ville","status":"publish","type":"post","link":"https:\/\/www.europesays.com\/fr\/98871\/","title":{"rendered":"Les cars de tourisme bout\u00e9s hors de Paris ?\u00a0: \u00ab\u00a0L\u2018objectif est de les sortir de la ville\u00a0\u00bb"},"content":{"rendered":"<p class=\"paragraph text_align_left\">Avec 35 places, cet espace constitue l\u2019un des principaux parkings de la capitale sur lesquels peuvent se garer les <a href=\"https:\/\/www.leparisien.fr\/paris-75\/paris-sattaque-aux-cars-de-tourisme-mal-stationnes-25-04-2023-3JVBF5J7ANHUBIE26HQXJYE3MM.php\" target=\"_blank\" rel=\"noreferrer nofollow noopener\">cars transportant des groupes<\/a>, comme le Carrousel du Louvre (71 places). Au total, ce sont 468 emplacements payants qui sont mis \u00e0 disposition. Pour y stationner, un car doit obtenir un Pass Autocar, obligatoire, aupr\u00e8s des services de la mairie de Paris. Un s\u00e9same dont le nombre baisse.<\/p>\n","protected":false},"excerpt":{"rendered":"Avec 35 places, cet espace constitue l\u2019un des principaux parkings de la capitale sur lesquels peuvent se garer&hellip;\n","protected":false},"author":2,"featured_media":98872,"comment_status":"","ping_status":"","sticky":false,"template":"","format":"standard","meta":{"footnotes":""},"categories":[1888],"tags":[1111,1928,11,1927,1777,674,1011,27,1944,12,1926,626,1925,25],"class_list":{"0":"post-98871","1":"post","2":"type-post","3":"status-publish","4":"format-standard","5":"has-post-thumbnail","7":"category-paris","8":"tag-actu","9":"tag-actu-paris","10":"tag-actualites","11":"tag-actualites-paris","12":"tag-eu","13":"tag-europe","14":"tag-fr","15":"tag-france","16":"tag-ma-ville","17":"tag-news","18":"tag-news-paris","19":"tag-paris","20":"tag-paris-news","21":"tag-republique-francaise"},"share_on_mastodon":{"url":"https:\/\/pubeurope.com\/@fr\/114505195502159635","error":""},"_links":{"self":[{"href":"https:\/\/www.europesays.com\/fr\/wp-json\/wp\/v2\/posts\/98871","targetHints":{"allow":["GET"]}}],"collection":[{"href":"https:\/\/www.europesays.com\/fr\/wp-json\/wp\/v2\/posts"}],"about":[{"href":"https:\/\/www.europesays.com\/fr\/wp-json\/wp\/v2\/types\/post"}],"author":[{"embeddable":true,"href":"https:\/\/www.europesays.com\/fr\/wp-json\/wp\/v2\/users\/2"}],"replies":[{"embeddable":true,"href":"https:\/\/www.europesays.com\/fr\/wp-json\/wp\/v2\/comments?post=98871"}],"version-history":[{"count":0,"href":"https:\/\/www.europesays.com\/fr\/wp-json\/wp\/v2\/posts\/98871\/revisions"}],"wp:featuredmedia":[{"embeddable":true,"href":"https:\/\/www.europesays.com\/fr\/wp-json\/wp\/v2\/media\/98872"}],"wp:attachment":[{"href":"https:\/\/www.europesays.com\/fr\/wp-json\/wp\/v2\/media?parent=98871"}],"wp:term":[{"taxonomy":"category","embeddable":true,"href":"https:\/\/www.europesays.com\/fr\/wp-json\/wp\/v2\/categories?post=98871"},{"taxonomy":"post_tag","embeddable":true,"href":"https:\/\/www.europesays.com\/fr\/wp-json\/wp\/v2\/tags?post=98871"}],"curies":[{"name":"wp","href":"https:\/\/api.w.org\/{rel}","templated":true}]}}