{"id":98873,"date":"2025-05-14T08:16:10","date_gmt":"2025-05-14T08:16:10","guid":{"rendered":"https:\/\/www.europesays.com\/fr\/98873\/"},"modified":"2025-05-14T08:16:10","modified_gmt":"2025-05-14T08:16:10","slug":"gemmyo-inaugure-un-nouveau-flagship-a-saint-germain-des-pres","status":"publish","type":"post","link":"https:\/\/www.europesays.com\/fr\/98873\/","title":{"rendered":"Gemmyo inaugure un nouveau flagship \u00e0 Saint-Germain-des-Pr\u00e9s"},"content":{"rendered":"<p class=\"article-content col-md-8 offset-md-1\">\n                                Dix ans apr\u00e8s l\u2019ouverture de sa toute premi\u00e8re boutique au sein du quartier de Saint-Germain-des-Pr\u00e9s \u00e0 Paris, la maison parisienne de joaillerie Gemmyo renforce sa pr\u00e9sence l\u00e0 o\u00f9 tout a commenc\u00e9 avec l\u2019inauguration d\u2019un nouveau flagship situ\u00e9 au 74, rue de Seine. Un espace de 134 m\u00e8tres carr\u00e9s, pens\u00e9 comme un \u00e9crin contemporain, qui incarne les ambitions renouvel\u00e9es de la marque fond\u00e9e en 2011 par le couple Pauline Laigneau et Charif Debs.<\/p>\n<p><img decoding=\"async\" class=\"news-image\" style=\"width:100%;max-width:700px;\" src=\"https:\/\/www.europesays.com\/fr\/wp-content\/uploads\/2025\/05\/9ce0.gif\" alt=\"Boutique Gemmyo\" loading=\"lazy\"\/>Boutique Gemmyo &#8211; DR<\/p>\n<p class=\"col-md-8 offset-md-1 article-content--texte\">Con\u00e7u par les architectes Stephan Bidoux et Julien Villeneuve, le nouvel \u00e9crin Gemmyo s\u2019inscrit dans la continuit\u00e9 de la r\u00e9novation de sa boutique de la rue de Courcelles. Mur v\u00e9g\u00e9tal, marbre, verre de Murano, laiton et tapisseries \u00e9voquent les h\u00f4tels particuliers de ce quartier historique de la capitale. Le lieu comprend six salons d\u2019essayage privatifs, et propose une technologie d\u2019\u00e9clairage permettant de r\u00e9v\u00e9ler la brillance des pierres. Cette nouvelle adresse qui ouvrira le 22 mai prendra le relais de celle du 21, rue de Seine qui fermera ses portes.<\/p>\n<p>Cette ouverture s\u2019inscrit dans un plan de d\u00e9veloppement plus vaste. En octobre 2025, un nouveau flagship verra le jour \u00e0 Lyon, rempla\u00e7ant l\u2019\u00e9crin actuel par un espace plus grand et plus moderne.<\/p>\n<p class=\"col-md-8 offset-md-1 article-content--texte\">\u00c0 l\u2019international, en novembre 2024, la maison a ouvert une premi\u00e8re boutique \u00e0 Tokyo apr\u00e8s avoir test\u00e9 le march\u00e9 avec une r\u00e9sidence \u00e9ph\u00e9m\u00e8re. Un format lanc\u00e9 \u00e0 Zurich l\u2019\u00e9t\u00e9 dernier, pr\u00e9lude \u00e0 une implantation p\u00e9renne en Suisse o\u00f9 les fondateurs de Gemmyo sont install\u00e9s. Au total, la griffe est aujourd\u2019hui pr\u00e9sente dans une dizaine de villes en France, Belgique, Suisse et au Japon.<\/p>\n<p>Le renforcement du r\u00e9seau retail intervient alors que fin 2024<a href=\"https:\/\/fr.fashionnetwork.com\/news\/Gemmyo-les-fondateurs-dirigeants-montent-au-capital,1697815.html\" rel=\"nofollow noopener\" target=\"_blank\"> les fondateurs de Gemmyo ont port\u00e9 leur participation \u00e0 80% du capital de leur entreprise<\/a>. Cette mont\u00e9e en puissance de Pauline Laigneau et Charif Debs consolide l\u2019ind\u00e9pendance de l\u2019entreprise. Les investisseurs historiques ont quant \u00e0 eux conserv\u00e9 20% du capital.<\/p>\n<p>Pour accompagner cette nouvelle phase, Gemmyo s\u2019est dot\u00e9e d\u2019une direction renouvel\u00e9e. <a href=\"https:\/\/fr.fashionnetwork.com\/news\/Gemmyo-choisit-sophie-garric-comme-premiere-directrice-generale,1663376.html\" rel=\"nofollow noopener\" target=\"_blank\">Sophie Garric, ex-Richemont, a \u00e9t\u00e9 nomm\u00e9e premi\u00e8re directrice g\u00e9n\u00e9rale de Gemmyo<\/a>. Elle est entour\u00e9e de Lo\u00efc Cardoso Vieira, ex-Est\u00e9e Lauder, directeur de la communication, et Caroline Pannhasiri, ex-Ron Dorff, directrice marketing.<\/p>\n<p>N\u00e9e sur le web, Gemmyo continue de tirer parti de son ADN digital. La moiti\u00e9 de son chiffre d\u2019affaires est encore r\u00e9alis\u00e9e en ligne, l\u2019autre moiti\u00e9 via ses boutiques physiques. Rentable depuis 2019, la maison emploie 75 personnes. Si elle ne publie plus ses r\u00e9sultats financiers, son chiffre d\u2019affaires annuel est estim\u00e9 entre 45 et 50 millions d\u2019euros.<br \/>\u00a0<br \/>\u00a0\n                            <\/p>\n<p>\n                                Tous droits de reproduction et de repr\u00e9sentation r\u00e9serv\u00e9s.<br \/>\u00a9 2025 FashionNetwork.com\n                            <\/p>\n","protected":false},"excerpt":{"rendered":"Dix ans apr\u00e8s l\u2019ouverture de sa toute premi\u00e8re boutique au sein du quartier de Saint-Germain-des-Pr\u00e9s \u00e0 Paris, la&hellip;\n","protected":false},"author":2,"featured_media":98874,"comment_status":"","ping_status":"","sticky":false,"template":"","format":"standard","meta":{"footnotes":""},"categories":[1888],"tags":[11,2424,537,2423,1777,674,1011,27,2425,985,12,2298,626,2426,2427,25,2421,2422],"class_list":{"0":"post-98873","1":"post","2":"type-post","3":"status-publish","4":"format-standard","5":"has-post-thumbnail","7":"category-paris","8":"tag-actualites","9":"tag-beaute","10":"tag-contact","11":"tag-cosmetiques","12":"tag-eu","13":"tag-europe","14":"tag-fr","15":"tag-france","16":"tag-luxe","17":"tag-mode","18":"tag-news","19":"tag-parfum","20":"tag-paris","21":"tag-professionnel","22":"tag-professionnels","23":"tag-republique-francaise","24":"tag-reseau","25":"tag-textile"},"share_on_mastodon":{"url":"https:\/\/pubeurope.com\/@fr\/114505199519640499","error":""},"_links":{"self":[{"href":"https:\/\/www.europesays.com\/fr\/wp-json\/wp\/v2\/posts\/98873","targetHints":{"allow":["GET"]}}],"collection":[{"href":"https:\/\/www.europesays.com\/fr\/wp-json\/wp\/v2\/posts"}],"about":[{"href":"https:\/\/www.europesays.com\/fr\/wp-json\/wp\/v2\/types\/post"}],"author":[{"embeddable":true,"href":"https:\/\/www.europesays.com\/fr\/wp-json\/wp\/v2\/users\/2"}],"replies":[{"embeddable":true,"href":"https:\/\/www.europesays.com\/fr\/wp-json\/wp\/v2\/comments?post=98873"}],"version-history":[{"count":0,"href":"https:\/\/www.europesays.com\/fr\/wp-json\/wp\/v2\/posts\/98873\/revisions"}],"wp:featuredmedia":[{"embeddable":true,"href":"https:\/\/www.europesays.com\/fr\/wp-json\/wp\/v2\/media\/98874"}],"wp:attachment":[{"href":"https:\/\/www.europesays.com\/fr\/wp-json\/wp\/v2\/media?parent=98873"}],"wp:term":[{"taxonomy":"category","embeddable":true,"href":"https:\/\/www.europesays.com\/fr\/wp-json\/wp\/v2\/categories?post=98873"},{"taxonomy":"post_tag","embeddable":true,"href":"https:\/\/www.europesays.com\/fr\/wp-json\/wp\/v2\/tags?post=98873"}],"curies":[{"name":"wp","href":"https:\/\/api.w.org\/{rel}","templated":true}]}}