{"id":98877,"date":"2025-05-14T08:18:10","date_gmt":"2025-05-14T08:18:10","guid":{"rendered":"https:\/\/www.europesays.com\/fr\/98877\/"},"modified":"2025-05-14T08:18:10","modified_gmt":"2025-05-14T08:18:10","slug":"un-nouveau-paquet-de-sanctions-contre-la-russie-approuve-par-lunion-europeenne","status":"publish","type":"post","link":"https:\/\/www.europesays.com\/fr\/98877\/","title":{"rendered":"un nouveau paquet de sanctions contre la Russie approuv\u00e9 par l\u2019Union europ\u00e9enne"},"content":{"rendered":"<p>Les ambassadeurs des 27 \u00c9tats membres de l\u2019Union europ\u00e9ennes ont approuv\u00e9, mercredi 14\u00a0mai 2025, un 17e paquet\u00a0de sanctions contre la Russie, visant \u00e0 nouveau sa flotte de p\u00e9troliers \u00ab\u00a0fant\u00f4mes\u00a0\u00bb, selon des sources diplomatiques. Ces nouvelles sanctions sont ind\u00e9pendantes de celles \u00ab\u00a0massives\u00a0\u00bb envisag\u00e9es dans le cas o\u00f9 Moscou refuserait de n\u00e9gocier et d\u2019accepter le cessez-le-feu de 30 jours propos\u00e9 par la France, le Royaume-Uni et l\u2019Allemagne et accept\u00e9 par l\u2019Ukraine.<\/p>\n<p>Ce nouvel ensemble, en discussions depuis plusieurs semaines, cible pr\u00e8s de 200 nouveaux navires de sa flotte de p\u00e9troliers \u00ab\u00a0fant\u00f4mes\u00a0\u00bb, utilis\u00e9s par la Russie pour contourner les sanctions d\u00e9j\u00e0 mises en \u0153uvre, visant \u00e0 limiter \u00e0 ses exportations de p\u00e9trole. Au total, ce sont pr\u00e8s de 345 navires qui sont d\u00e9sormais dans le collimateur de l\u2019Union europ\u00e9enne.<\/p>\n<p>Des sanctions encore \u00ab\u00a0plus fortes\u00a0\u00bb si Moscou refuse de n\u00e9gocier\u00a0?<\/p>\n<p>Cette flotte \u00ab\u00a0fant\u00f4me\u00a0\u00bb, constitu\u00e9e d\u2019environ 430 navires, selon un rapport de l\u2019\u00c9cole d\u2019\u00e9conomie de Kiev, souvent v\u00e9tustes et non immatricul\u00e9s, op\u00e8re essentiellement en mer Baltique. Ils op\u00e8rent sans assurances occidentales et avec des \u00e9quipages manquant d\u2019exp\u00e9rience. Leur nombre a explos\u00e9 \u00e0 la suite des sanctions, mises par l\u2019Union europ\u00e9enne et de nombreux autres pays, apr\u00e8s l\u2019invasion russe de l\u2019Ukraine en\u00a0f\u00e9vrier\u00a02022.<\/p>\n<p>Le pr\u00e9sident ukrainien Volodymyr Zelensky a appel\u00e9, mardi, ses partenaires occidentaux \u00e0 appliquer les sanctions \u00ab\u00a0les plus fortes\u00a0\u00bb contre Moscou, si son homologue russe Vladimir Poutine refusait de le rencontrer en Turquie dans le cadre de pourparlers de paix. Le chancelier allemand Friedrich Merz a r\u00e9affirm\u00e9, mardi, que la Russie serait vis\u00e9e par des sanctions suppl\u00e9mentaires, en l\u2019absence de \u00ab\u00a0r\u00e9el progr\u00e8s cette semaine\u00a0\u00bb dans la recherche d\u2019un cessez-le-feu en Ukraine.<\/p>\n","protected":false},"excerpt":{"rendered":"Les ambassadeurs des 27 \u00c9tats membres de l\u2019Union europ\u00e9ennes ont approuv\u00e9, mercredi 14\u00a0mai 2025, un 17e paquet\u00a0de sanctions&hellip;\n","protected":false},"author":2,"featured_media":98878,"comment_status":"","ping_status":"","sticky":false,"template":"","format":"standard","meta":{"footnotes":""},"categories":[1591],"tags":[328,11,1887,329,74,12,316,1885,1886,132,220,364],"class_list":{"0":"post-98877","1":"post","2":"type-post","3":"status-publish","4":"format-standard","5":"has-post-thumbnail","7":"category-russie","8":"tag-a-la-une","9":"tag-actualites","10":"tag-federation-de-russie","11":"tag-france-monde","12":"tag-monde","13":"tag-news","14":"tag-politique","15":"tag-russia","16":"tag-russian-federation","17":"tag-russie","18":"tag-ukraine","19":"tag-union-europeenne"},"share_on_mastodon":{"url":"https:\/\/pubeurope.com\/@fr\/114505207306176213","error":""},"_links":{"self":[{"href":"https:\/\/www.europesays.com\/fr\/wp-json\/wp\/v2\/posts\/98877","targetHints":{"allow":["GET"]}}],"collection":[{"href":"https:\/\/www.europesays.com\/fr\/wp-json\/wp\/v2\/posts"}],"about":[{"href":"https:\/\/www.europesays.com\/fr\/wp-json\/wp\/v2\/types\/post"}],"author":[{"embeddable":true,"href":"https:\/\/www.europesays.com\/fr\/wp-json\/wp\/v2\/users\/2"}],"replies":[{"embeddable":true,"href":"https:\/\/www.europesays.com\/fr\/wp-json\/wp\/v2\/comments?post=98877"}],"version-history":[{"count":0,"href":"https:\/\/www.europesays.com\/fr\/wp-json\/wp\/v2\/posts\/98877\/revisions"}],"wp:featuredmedia":[{"embeddable":true,"href":"https:\/\/www.europesays.com\/fr\/wp-json\/wp\/v2\/media\/98878"}],"wp:attachment":[{"href":"https:\/\/www.europesays.com\/fr\/wp-json\/wp\/v2\/media?parent=98877"}],"wp:term":[{"taxonomy":"category","embeddable":true,"href":"https:\/\/www.europesays.com\/fr\/wp-json\/wp\/v2\/categories?post=98877"},{"taxonomy":"post_tag","embeddable":true,"href":"https:\/\/www.europesays.com\/fr\/wp-json\/wp\/v2\/tags?post=98877"}],"curies":[{"name":"wp","href":"https:\/\/api.w.org\/{rel}","templated":true}]}}