{"id":98887,"date":"2025-05-14T08:23:09","date_gmt":"2025-05-14T08:23:09","guid":{"rendered":"https:\/\/www.europesays.com\/fr\/98887\/"},"modified":"2025-05-14T08:23:09","modified_gmt":"2025-05-14T08:23:09","slug":"leurope-sur-de-faibles-variations-avec-une-pluie-de-resultats","status":"publish","type":"post","link":"https:\/\/www.europesays.com\/fr\/98887\/","title":{"rendered":"L&rsquo;Europe sur de faibles variations avec une pluie de r\u00e9sultats"},"content":{"rendered":"<p>\u00c0 Paris, le CAC 40 perd 0,37% \u00e0 7.845,9 points vers 07h30 GMT, plomb\u00e9 essentiel par le secteur du luxe, dont l&rsquo;indice en Europe recule de 0,61% malgr\u00e9 la bonne tenue de Burberry \u00e0 la suite de ses r\u00e9sultats. \u00c0 Londres, le FTSE 100 grignote 0,04% et \u00e0 Francfort, le Dax grappille 0,17%.<\/p>\n<p>L&rsquo;indice EuroStoxx 50 recule de 0,18%, tandis que le FTSEurofirst 300 avance de 0,05%. Le Stoxx 600 abandonne 0,10% apr\u00e8s quatre s\u00e9ances d&rsquo;affil\u00e9e dans le vert.<\/p>\n<p>Les contrats \u00e0 terme \u00e0 Wall Street pr\u00e9figurent une hausse de 0,01% pour le Dow Jones, de 0,03% pour le Standard &amp; Poor&rsquo;s 500 et de 0,09% pour le Nasdaq au lendemain d&rsquo;une s\u00e9ance en ordre dispers\u00e9.<\/p>\n<p>De nombreuses publications d&rsquo;entreprises dans la banque, le luxe, les loisirs et l&rsquo;industrie animent mercredi les \u00e9changes alors que la saison des r\u00e9sultats en Europe touche \u00e0 sa fin. <\/p>\n<p>Selon les donn\u00e9es LSEG, les entreprises europ\u00e9ennes devraient faire \u00e9tat d&rsquo;une hausse de 1,9% de leurs b\u00e9n\u00e9fices au premier trimestre, en moyenne, contre un gain de 0,4% attendu par les analystes il y a une semaine. <\/p>\n<p>L&rsquo;optimisme en Europe est aliment\u00e9 par les derni\u00e8res donn\u00e9es macro\u00e9conomiques, comme une inflation am\u00e9ricaine inf\u00e9rieure aux attentes, tandis que l&rsquo;indicateur en la mati\u00e8re en Allemagne a confirm\u00e9 un ralentissement de la hausse des prix en avril. <\/p>\n<p>Goldman Sachs a relev\u00e9 mercredi sa pr\u00e9vision de croissance \u00e0 12 mois pour l&rsquo;indice Stoxx 600, citant un regain d&rsquo;optimisme apr\u00e8s l&rsquo;accord commercial entre les Etats-Unis et la Chine, qui a apais\u00e9 les inqui\u00e9tudes quant \u00e0 une r\u00e9cession mondiale et une escalade sur les droits de douane. <\/p>\n<p>Aux valeurs, Bouygues est dans le vert (+0,8%) apr\u00e8s avoir enregistr\u00e9 une hausse de 43% de son r\u00e9sultat op\u00e9rationnel courant des activit\u00e9s (ROCA) au premier trimestre.<\/p>\n<p>Alstom, en revanche, chute de 16%, apr\u00e8s l&rsquo;annonce de ses pr\u00e9visions, tandis que les objectifs \u00e0 l&rsquo;horizon 2028 d&rsquo;Atos (-1,66%) ne semblent pas avoir convaincu le march\u00e9. <\/p>\n<p>Dans les valeurs moyennes Trigano prend 7,48% et Beneteau d\u00e9visse de 15% apr\u00e8s la publication de leurs r\u00e9sultats respectifs.<\/p>\n<p>Ailleurs en Europe, Burberry bondit de 8,29%, la marque de luxe britannique ayant enregistr\u00e9 une baisse moins marqu\u00e9e que pr\u00e9vu de ses ventes trimestrielles. Le groupe britannique de restauration collective Compass recule de 3,41% apr\u00e8s la confirmation de ses pr\u00e9visions. TUI, le premier voyagiste europ\u00e9en ayant dit avoir enregistr\u00e9 un ralentissement des r\u00e9servations estivales. <\/p>\n<p> (R\u00e9dig\u00e9 par Claude Chendjou, \u00e9dit\u00e9 par Augustin Turpin)<\/p>\n","protected":false},"excerpt":{"rendered":"\u00c0 Paris, le CAC 40 perd 0,37% \u00e0 7.845,9 points vers 07h30 GMT, plomb\u00e9 essentiel par le secteur&hellip;\n","protected":false},"author":2,"featured_media":98888,"comment_status":"","ping_status":"","sticky":false,"template":"","format":"standard","meta":{"footnotes":""},"categories":[1586],"tags":[11,2125,1777,674,1011,27,2124,12,25],"class_list":{"0":"post-98887","1":"post","2":"type-post","3":"status-publish","4":"format-standard","5":"has-post-thumbnail","7":"category-europe","8":"tag-actualites","9":"tag-depeches-reuters","10":"tag-eu","11":"tag-europe","12":"tag-fr","13":"tag-france","14":"tag-infos-reuters","15":"tag-news","16":"tag-republique-francaise"},"share_on_mastodon":{"url":"","error":""},"_links":{"self":[{"href":"https:\/\/www.europesays.com\/fr\/wp-json\/wp\/v2\/posts\/98887","targetHints":{"allow":["GET"]}}],"collection":[{"href":"https:\/\/www.europesays.com\/fr\/wp-json\/wp\/v2\/posts"}],"about":[{"href":"https:\/\/www.europesays.com\/fr\/wp-json\/wp\/v2\/types\/post"}],"author":[{"embeddable":true,"href":"https:\/\/www.europesays.com\/fr\/wp-json\/wp\/v2\/users\/2"}],"replies":[{"embeddable":true,"href":"https:\/\/www.europesays.com\/fr\/wp-json\/wp\/v2\/comments?post=98887"}],"version-history":[{"count":0,"href":"https:\/\/www.europesays.com\/fr\/wp-json\/wp\/v2\/posts\/98887\/revisions"}],"wp:featuredmedia":[{"embeddable":true,"href":"https:\/\/www.europesays.com\/fr\/wp-json\/wp\/v2\/media\/98888"}],"wp:attachment":[{"href":"https:\/\/www.europesays.com\/fr\/wp-json\/wp\/v2\/media?parent=98887"}],"wp:term":[{"taxonomy":"category","embeddable":true,"href":"https:\/\/www.europesays.com\/fr\/wp-json\/wp\/v2\/categories?post=98887"},{"taxonomy":"post_tag","embeddable":true,"href":"https:\/\/www.europesays.com\/fr\/wp-json\/wp\/v2\/tags?post=98887"}],"curies":[{"name":"wp","href":"https:\/\/api.w.org\/{rel}","templated":true}]}}