{"id":98891,"date":"2025-05-14T08:25:10","date_gmt":"2025-05-14T08:25:10","guid":{"rendered":"https:\/\/www.europesays.com\/fr\/98891\/"},"modified":"2025-05-14T08:25:10","modified_gmt":"2025-05-14T08:25:10","slug":"on-ne-reconnaissait-meme-pas-son-visage-raconte-sur-rtl-le-pharmacien-qui-a-porte-secours-a-la-victime","status":"publish","type":"post","link":"https:\/\/www.europesays.com\/fr\/98891\/","title":{"rendered":"\u00ab\u00a0On ne reconnaissait m\u00eame pas son visage\u00a0\u00bb, raconte sur RTL le pharmacien qui a port\u00e9 secours \u00e0 la victime"},"content":{"rendered":"<p class=\"article-p mdl\">Alors qu&rsquo;elle marchait dans une rue de Paris, mardi 13 mai au matin, <strong>la fille d&rsquo;un PDG dans les cryptomonnaies a \u00e9t\u00e9 la cible d&rsquo;une tentative d&rsquo;enl\u00e8vement<\/strong>, quand quatre hommes cagoul\u00e9s sont sortis d&rsquo;une camionnette. Ils ont tent\u00e9 de l&#8217;emmener de force. Ils ont frapp\u00e9 son compagnon, tout cela sous les yeux de leur petit gar\u00e7on de deux ans. Ils ont finalement pris la fuite.\u00a0<\/p>\n<p class=\"article-p mdl\">Une\u00a0<a class=\"link\" href=\"https:\/\/www.rtl.fr\/actu\/justice-faits-divers\/les-infos-de-18h-cryptomonnaies-ce-que-l-on-sait-de-la-tentative-d-enlevement-d-une-femme-a-paris-7900504611\" title=\"Les infos de 18h - Cryptomonnaies : ce que l&#039;on sait de la tentative d&#039;enl\u00e8vement d&#039;une femme \u00e0 Paris\" target=\"_blank\" rel=\"noopener\">sc\u00e8ne ultra violente<\/a>\u00a0dont un pharmacien a \u00e9t\u00e9 t\u00e9moin : \u00ab\u00a0J&rsquo;ai entendu du bruit, des gens qui criaient &lsquo;appelez la police&rsquo;. Je croyais que c&rsquo;\u00e9tait une engueulade de famille ou alors de jeunes qui se battaient. C&rsquo;est une fois que la camionnette est partie qu&rsquo;on a pu voir l&rsquo;axe de la rue, et j&rsquo;ai vu cette personne en sang par terre. Comme je suis professionnel de sant\u00e9, j&rsquo;ai couru pour aider cette personne. <strong>J&rsquo;ai fait de mon mieux pour le maintenir conscient <\/strong>avec tous les facteurs qu&rsquo;il faut faire quand on veut intervenir en urgence.\u00a0\u00bb<\/p>\n<p class=\"article-p mdl\">Et d&rsquo;ajouter : \u00ab\u00a0<strong>On ne reconnaissait m\u00eame pas son visage tellement qu&rsquo;il y avait de sang<\/strong>. Son fils avait pris des gouttes de lacrymo dans les yeux. Donc j&rsquo;ai pris \u00e0 la pharmacie d&rsquo;\u00e0 c\u00f4t\u00e9 des doses de s\u00e9rum physiologique. Et je lui ai juste rinc\u00e9 les yeux mais \u00e7a va, plus un traumatisme qu&rsquo;autre chose.<\/p>\n<p>            \u00c0 \u00e9couter \u00e9galement dans ce journal<\/p>\n<p class=\"article-p mdl\"><strong>Grand oral d&rsquo;Emmanuel Macron<\/strong> &#8211; Pendant plus de trois heures,<a class=\"link\" href=\"https:\/\/www.rtl.fr\/actu\/politique\/les-infos-de-5h-interview-d-emmanuel-macron-une-longue-prestation-mais-un-flou-persistant-7900504694\" title=\"Les infos de 5h - Interview d&#039;Emmanuel Macron : une longue prestation mais un flou persistant\" target=\"_blank\" rel=\"noopener\"> le chef de l&rsquo;\u00c9tat a r\u00e9pondu aux questions des Fran\u00e7ais et a d\u00e9battu avec des personnalit\u00e9s<\/a>. S&rsquo;il a balay\u00e9 beaucoup de sujets, il n&rsquo;a pas fait d&rsquo;annonce concr\u00e8te.<\/p>\n<p class=\"article-p mdl\"><strong>Gaza<\/strong> &#8211; <strong>Le chef des op\u00e9rations humanitaires de l&rsquo;ONU a eu des mots tr\u00e8s forts envers\u00a0les membres du conseil de s\u00e9curit\u00e9<\/strong>. \u00ab\u00a0Allez-vous agir pour emp\u00eacher un g\u00e9nocide ?\u00a0\u00bb, a-t-il lanc\u00e9\u00a0\u00bb.<\/p>\n<p class=\"article-p mdl\"><strong>Affaire B\u00e9tharram\u00a0<\/strong>&#8211;\u00a0<a class=\"link\" href=\"https:\/\/www.rtl.fr\/actu\/politique\/affaire-betharram-francois-bayrou-va-repondre-point-par-point-assure-marc-fesneau-sur-rtl-7900504050\" title=\"Affaire B\u00e9tharram : &quot;Fran\u00e7ois Bayrou va r\u00e9pondre point par point&quot;, assure Marc Fesneau sur RTL\" target=\"_blank\" rel=\"noopener\">Fran\u00e7ois Bayrou est entendu \u00e0 partir de 17h par la commission d&rsquo;enqu\u00eate parlementaire<\/a>\u00a0n\u00e9e de l&rsquo;affaire.\u00a0Le Premier ministre est accus\u00e9 d&rsquo;avoir menti, mais il a r\u00e9p\u00e9t\u00e9 qu&rsquo;il ne savait rien des violences physiques et sexuelles commises dans cette \u00e9cole.<\/p>\n<p>    La r\u00e9daction vous recommande<\/p>\n<p class=\"s-newsletter__title\">\n                L\u2019actualit\u00e9 par la r\u00e9daction de RTL dans votre bo\u00eete mail.\n            <\/p>\n<p class=\"s-newsletter__subtitle\">\n                Gr\u00e2ce \u00e0 votre compte RTL abonnez-vous \u00e0 la newsletter RTL info pour suivre toute l&rsquo;actualit\u00e9 au quotidien\n            <\/p>\n<p>\n                                    Lire la suite\n                                <\/p>\n","protected":false},"excerpt":{"rendered":"Alors qu&rsquo;elle marchait dans une rue de Paris, mardi 13 mai au matin, la fille d&rsquo;un PDG dans&hellip;\n","protected":false},"author":2,"featured_media":98892,"comment_status":"","ping_status":"","sticky":false,"template":"","format":"standard","meta":{"footnotes":""},"categories":[2],"tags":[11,118,107,1011,27,6224,21333,12,15299,362,360,25,240],"class_list":{"0":"post-98891","1":"post","2":"type-post","3":"status-publish","4":"format-standard","5":"has-post-thumbnail","7":"category-actualites","8":"tag-actualites","9":"tag-faits-divers","10":"tag-fil-info","11":"tag-fr","12":"tag-france","13":"tag-integral","14":"tag-journaux-courts","15":"tag-news","16":"tag-pharmacie","17":"tag-replay","18":"tag-replay-integral","19":"tag-republique-francaise","20":"tag-temoignage"},"share_on_mastodon":{"url":"https:\/\/pubeurope.com\/@fr\/114505235127213995","error":""},"_links":{"self":[{"href":"https:\/\/www.europesays.com\/fr\/wp-json\/wp\/v2\/posts\/98891","targetHints":{"allow":["GET"]}}],"collection":[{"href":"https:\/\/www.europesays.com\/fr\/wp-json\/wp\/v2\/posts"}],"about":[{"href":"https:\/\/www.europesays.com\/fr\/wp-json\/wp\/v2\/types\/post"}],"author":[{"embeddable":true,"href":"https:\/\/www.europesays.com\/fr\/wp-json\/wp\/v2\/users\/2"}],"replies":[{"embeddable":true,"href":"https:\/\/www.europesays.com\/fr\/wp-json\/wp\/v2\/comments?post=98891"}],"version-history":[{"count":0,"href":"https:\/\/www.europesays.com\/fr\/wp-json\/wp\/v2\/posts\/98891\/revisions"}],"wp:featuredmedia":[{"embeddable":true,"href":"https:\/\/www.europesays.com\/fr\/wp-json\/wp\/v2\/media\/98892"}],"wp:attachment":[{"href":"https:\/\/www.europesays.com\/fr\/wp-json\/wp\/v2\/media?parent=98891"}],"wp:term":[{"taxonomy":"category","embeddable":true,"href":"https:\/\/www.europesays.com\/fr\/wp-json\/wp\/v2\/categories?post=98891"},{"taxonomy":"post_tag","embeddable":true,"href":"https:\/\/www.europesays.com\/fr\/wp-json\/wp\/v2\/tags?post=98891"}],"curies":[{"name":"wp","href":"https:\/\/api.w.org\/{rel}","templated":true}]}}