{"id":98911,"date":"2025-05-14T08:37:14","date_gmt":"2025-05-14T08:37:14","guid":{"rendered":"https:\/\/www.europesays.com\/fr\/98911\/"},"modified":"2025-05-14T08:37:14","modified_gmt":"2025-05-14T08:37:14","slug":"la-rare-photo-sous-le-soleil-pour-la-fete-des-meres","status":"publish","type":"post","link":"https:\/\/www.europesays.com\/fr\/98911\/","title":{"rendered":"la rare photo sous le soleil pour la f\u00eate des m\u00e8res"},"content":{"rendered":"<p>Daniel Moder a partag\u00e9 ce dimanche 11 mai sur Instagram un clich\u00e9 de sa femme Julia Roberts entour\u00e9e de leurs trois enfants.<\/p>\n<p class=\"fig-paragraph\">Ce dimanche 11 mai, de nombreux pays c\u00e9l\u00e9braient la F\u00eate des m\u00e8res. Les messages d\u2019amour se sont multipli\u00e9s sur les r\u00e9seaux sociaux pour c\u00e9l\u00e9brer les cheffes de famille. Une occasion que n\u2019a pas manqu\u00e9e le directeur de la photographie Daniel Moder, mari de l\u2019actrice\u00a0<a href=\"https:\/\/madame.lefigaro.fr\/tag\/julia-roberts\" target=\"_blank\" rel=\"noopener\" data-gtm-custom-categorie=\"navigation\" data-gtm-custom-action=\"crossclick\" data-gtm-custom-label=\"Contextuel\" data-gtm-event=\"customEventSPE\">Julia Roberts\u00a0<\/a>depuis 2002, qui a publi\u00e9 un rare clich\u00e9 sur son compte Instagram. On y voit l\u2019actrice entour\u00e9e de leurs trois enfants\u00a0: les jumeaux Hazel et Phinnaeus, n\u00e9s en 2004 (20 ans), et Henry, n\u00e9 en 2007 (17 ans). \u00abLes m\u00e8res font les choses les plus cool. J\u2019adore ces gars\u00bb, a-t-il l\u00e9gend\u00e9, dans un hommage simple et tendre \u00e0 la m\u00e8re de ses enfants.<\/p>\n<p>Une \u00e9pouse, une m\u00e8re, une actrice<\/p>\n<p class=\"fig-paragraph\">Ce clin d\u2019\u0153il familial intervient quelques mois apr\u00e8s que Julia Roberts a \u00e9t\u00e9 faite chevalier de l\u2019ordre des arts et des lettres par Rachida Dati, le 28 f\u00e9vrier . Une distinction qui r\u00e9compense les personnes qui se sont distingu\u00e9es par leurs cr\u00e9ations dans le domaine artistique ou litt\u00e9raire ou par la contribution qu\u2019elles ont apport\u00e9e au rayonnement des arts et des lettres en France et dans le monde. \u00abActrice d\u2019exception, ic\u00f4ne intemporelle, Julia Roberts a marqu\u00e9 l\u2019histoire du cin\u00e9ma par son talent et son charisme (&#8230;) Avec\u00a0<a href=\"https:\/\/www.instagram.com\/juliaroberts\/\" target=\"_blank\" rel=\"nofollow noopener\" data-gtm-custom-categorie=\"navigation\" data-gtm-custom-action=\"crossclick\" data-gtm-custom-label=\"Contextuel\" data-gtm-event=\"customEventSPE\">@juliaroberts<\/a>&#8230; La vie est vraiment&#8230;trop belle\u00bb, avait d\u00e9clar\u00e9 sur Instagram l\u2019actuelle ministre de la Culture, dans une r\u00e9f\u00e9rence non voil\u00e9e au parfum Lanc\u00f4me dont elle est \u00e9g\u00e9rie. L\u2019actrice avait ensuite \u00e9t\u00e9 honor\u00e9e \u00e0 Paris<a href=\"http:\/\/madame.lefigaro.fr\/bijoux-et-montres\/les-celebrites-francaises-et-julia-roberts-brillent-de-mille-feux-aux-cesar-2025-20250301\" data-fig-type=\"Article\" data-gtm-custom-categorie=\"navigation\" data-gtm-custom-action=\"crossclick\" data-gtm-custom-label=\"Contextuel\" data-gtm-event=\"customEventSPE\" data-fig-domain=\"MADAME\" target=\"_blank\" rel=\"noopener\">\u00a0lors de la 50e c\u00e9r\u00e9monie des C\u00e9sar<\/a>, o\u00f9 elle a re\u00e7u le C\u00e9sar d\u2019honneur. Attendue un temps sur la Croisette avec After the Hunt de Luca Guadagnino, l\u2019actrice ne sera finalement pas pr\u00e9sente au Festival de Cannes cette ann\u00e9e.<\/p>\n<p>                                        <script async src=\"\/\/www.instagram.com\/embed.js\"><\/script><\/p>\n","protected":false},"excerpt":{"rendered":"Daniel Moder a partag\u00e9 ce dimanche 11 mai sur Instagram un clich\u00e9 de sa femme Julia Roberts entour\u00e9e&hellip;\n","protected":false},"author":2,"featured_media":98912,"comment_status":"","ping_status":"","sticky":false,"template":"","format":"standard","meta":{"footnotes":""},"categories":[1359],"tags":[976,972,58,59,18808,638,1011,27,21334,977,973,975,974],"class_list":{"0":"post-98911","1":"post","2":"type-post","3":"status-publish","4":"format-standard","5":"has-post-thumbnail","7":"category-people","8":"tag-actu-people","9":"tag-celebrite","10":"tag-divertissement","11":"tag-entertainment","12":"tag-fete-des-meres","13":"tag-figaro","14":"tag-fr","15":"tag-france","16":"tag-julia-roberts","17":"tag-madame","18":"tag-people","19":"tag-potain-de-stars","20":"tag-star"},"share_on_mastodon":{"url":"https:\/\/pubeurope.com\/@fr\/114505281961231373","error":""},"_links":{"self":[{"href":"https:\/\/www.europesays.com\/fr\/wp-json\/wp\/v2\/posts\/98911","targetHints":{"allow":["GET"]}}],"collection":[{"href":"https:\/\/www.europesays.com\/fr\/wp-json\/wp\/v2\/posts"}],"about":[{"href":"https:\/\/www.europesays.com\/fr\/wp-json\/wp\/v2\/types\/post"}],"author":[{"embeddable":true,"href":"https:\/\/www.europesays.com\/fr\/wp-json\/wp\/v2\/users\/2"}],"replies":[{"embeddable":true,"href":"https:\/\/www.europesays.com\/fr\/wp-json\/wp\/v2\/comments?post=98911"}],"version-history":[{"count":0,"href":"https:\/\/www.europesays.com\/fr\/wp-json\/wp\/v2\/posts\/98911\/revisions"}],"wp:featuredmedia":[{"embeddable":true,"href":"https:\/\/www.europesays.com\/fr\/wp-json\/wp\/v2\/media\/98912"}],"wp:attachment":[{"href":"https:\/\/www.europesays.com\/fr\/wp-json\/wp\/v2\/media?parent=98911"}],"wp:term":[{"taxonomy":"category","embeddable":true,"href":"https:\/\/www.europesays.com\/fr\/wp-json\/wp\/v2\/categories?post=98911"},{"taxonomy":"post_tag","embeddable":true,"href":"https:\/\/www.europesays.com\/fr\/wp-json\/wp\/v2\/tags?post=98911"}],"curies":[{"name":"wp","href":"https:\/\/api.w.org\/{rel}","templated":true}]}}