{"id":98942,"date":"2025-05-14T08:53:20","date_gmt":"2025-05-14T08:53:20","guid":{"rendered":"https:\/\/www.europesays.com\/fr\/98942\/"},"modified":"2025-05-14T08:53:20","modified_gmt":"2025-05-14T08:53:20","slug":"houdemont-lintelligence-artificielle-est-utilisee-au-sein-de-lagence-de-nancy","status":"publish","type":"post","link":"https:\/\/www.europesays.com\/fr\/98942\/","title":{"rendered":"Houdemont. L\u2019intelligence artificielle est utilis\u00e9e au sein de l\u2019agence de Nancy"},"content":{"rendered":"<p>L\u2019intelligence artificielle est de plus en plus pr\u00e9sente dans notre quotidien. Parfois elle fait peur, souvent elle questionne, mais jamais elle ne laisse indiff\u00e9rente. Son utilisation dans le monde du journalisme est source de d\u00e9bat constant\u00a0: comment l\u2019apprivoiser\u00a0? Et quelle place lui laisser\u00a0?<\/p>\n<p>Exp\u00e9rimentation \u00e0 Lun\u00e9ville<\/p>\n<p>Pour Eric Barbier, r\u00e9f\u00e9rent pour l\u2019intelligence artificielle g\u00e9n\u00e9rative (IAG) au sein de l\u2019Est r\u00e9publicain, la question de son usage est loin d\u2019\u00eatre anodine. En f\u00e9vrier 2025, il participe au&#8230;<\/p>\n","protected":false},"excerpt":{"rendered":"L\u2019intelligence artificielle est de plus en plus pr\u00e9sente dans notre quotidien. Parfois elle fait peur, souvent elle questionne,&hellip;\n","protected":false},"author":2,"featured_media":98943,"comment_status":"","ping_status":"","sticky":false,"template":"","format":"standard","meta":{"footnotes":""},"categories":[9635],"tags":[1111,11,1704,1777,674,1011,27,775,17190,9649,1702,12,25,104],"class_list":{"0":"post-98942","1":"post","2":"type-post","3":"status-publish","4":"format-standard","5":"has-post-thumbnail","7":"category-nancy","8":"tag-actu","9":"tag-actualites","10":"tag-edition-nancy-et-agglomeration","11":"tag-eu","12":"tag-europe","13":"tag-fr","14":"tag-france","15":"tag-grand-est","16":"tag-houdemont","17":"tag-metropole-du-grand-nancy-54b2","18":"tag-nancy","19":"tag-news","20":"tag-republique-francaise","21":"tag-societe"},"share_on_mastodon":{"url":"https:\/\/pubeurope.com\/@fr\/114505344840488670","error":""},"_links":{"self":[{"href":"https:\/\/www.europesays.com\/fr\/wp-json\/wp\/v2\/posts\/98942","targetHints":{"allow":["GET"]}}],"collection":[{"href":"https:\/\/www.europesays.com\/fr\/wp-json\/wp\/v2\/posts"}],"about":[{"href":"https:\/\/www.europesays.com\/fr\/wp-json\/wp\/v2\/types\/post"}],"author":[{"embeddable":true,"href":"https:\/\/www.europesays.com\/fr\/wp-json\/wp\/v2\/users\/2"}],"replies":[{"embeddable":true,"href":"https:\/\/www.europesays.com\/fr\/wp-json\/wp\/v2\/comments?post=98942"}],"version-history":[{"count":0,"href":"https:\/\/www.europesays.com\/fr\/wp-json\/wp\/v2\/posts\/98942\/revisions"}],"wp:featuredmedia":[{"embeddable":true,"href":"https:\/\/www.europesays.com\/fr\/wp-json\/wp\/v2\/media\/98943"}],"wp:attachment":[{"href":"https:\/\/www.europesays.com\/fr\/wp-json\/wp\/v2\/media?parent=98942"}],"wp:term":[{"taxonomy":"category","embeddable":true,"href":"https:\/\/www.europesays.com\/fr\/wp-json\/wp\/v2\/categories?post=98942"},{"taxonomy":"post_tag","embeddable":true,"href":"https:\/\/www.europesays.com\/fr\/wp-json\/wp\/v2\/tags?post=98942"}],"curies":[{"name":"wp","href":"https:\/\/api.w.org\/{rel}","templated":true}]}}