{"id":98946,"date":"2025-05-14T08:55:09","date_gmt":"2025-05-14T08:55:09","guid":{"rendered":"https:\/\/www.europesays.com\/fr\/98946\/"},"modified":"2025-05-14T08:55:09","modified_gmt":"2025-05-14T08:55:09","slug":"il-y-avait-un-besoin-reel-ici-un-nouveau-pressing-ouvre-a-toulon","status":"publish","type":"post","link":"https:\/\/www.europesays.com\/fr\/98946\/","title":{"rendered":"\u00ab\u00a0Il y avait un besoin r\u00e9el ici\u00a0\u00bb: un nouveau pressing ouvre \u00e0 Toulon"},"content":{"rendered":"<p>Derri\u00e8re cette enseigne, un duo de jeunes entrepreneurs, Sylvia et Riad. Sylvia n\u2019en est pas \u00e0 son coup d\u2019essai.<\/p>\n<p>Originaire de Marseille, elle s\u2019\u00e9tait d\u00e9j\u00e0 lanc\u00e9e dans l\u2019entrepreneuriat avec ses parents, dans le secteur du pressing.\u00a0\u00ab\u00a0J\u2019ai toujours eu cette fibre, c\u2019est ce qui m\u2019a pouss\u00e9e \u00e0 me lancer\u00a0\u00bb, confie-t-elle.<\/p>\n<p>Riad, de son c\u00f4t\u00e9, \u00e9tait plut\u00f4t habitu\u00e9 aux horaires de bureau. \u00ab\u00a0C\u2019est Sylvia qui a donn\u00e9 l\u2019\u00e9lan. Moi, j\u2019\u00e9tais format\u00e9 pour \u00eatre employ\u00e9. Mais quand on a vu qu\u2019il y avait un besoin r\u00e9el ici \u00e0 Toulon, on s\u2019est dit qu\u2019il fallait y aller.\u00a0\u00bb<\/p>\n<p>Le couple tombe rapidement sous le charme de la ville, plus calme compar\u00e9e \u00e0 Marseille. \u00ab\u00a0On cherchait un bon pressing ici, mais on ne trouvait pas. Alors on a d\u00e9cid\u00e9 de le cr\u00e9er nous-m\u00eames\u00a0\u00bb, explique-t-il simplement.<\/p>\n<p><strong>Un pressing \u00e9coresponsable<\/strong><\/p>\n<p>Le pressing se d\u00e9marque par son engagement \u00e9cologique. Tous les produits utilis\u00e9s sont fabriqu\u00e9s en Europe, sans phosphates ni agents allerg\u00e8nes, et choisis pour leur faible impact environnemental.<\/p>\n<p>\u00ab\u00a0C\u2019est une question de sant\u00e9 pour nos clients, mais aussi pour nous\u00a0\u00bb, insiste le couple, qui envisage m\u00eame de d\u00e9velopper sa propre lessive naturelle et pourquoi pas d\u2019organiser des ateliers.<\/p>\n<p>Professionnels, associations, clubs sportifs ou particuliers: la client\u00e8le est vari\u00e9e. Une anecdote symbolise bien leur esprit: \u00e0 peine install\u00e9s, ils acceptent de nettoyer en urgence un costume pour un concours de magie. \u00ab\u00a0La cliente \u00e9tait d\u00e9sesp\u00e9r\u00e9e, on n\u2019avait m\u00eame pas encore ouvert officiellement, mais on l\u2019a fait, de bon c\u0153ur\u00a0\u00bb, raconte le jeune homme.<\/p>\n<p>Sylvia et Riad vivent leur projet comme une v\u00e9ritable aventure: \u00ab\u00a0Ce n\u2019est pas \u00e9vident de trouver l\u2019\u00e9quilibre entre le pro et le perso, mais on apprend. On s\u2019adapte. On est fiers de ce qu\u2019on construit\u00a0\u00bb, concluent-ils, le sourire aux l\u00e8vres.<\/p>\n<p>Pratique: 2, avenue de-Lattre-de-Tassiny \u00e0 Toulon.<\/p>\n","protected":false},"excerpt":{"rendered":"Derri\u00e8re cette enseigne, un duo de jeunes entrepreneurs, Sylvia et Riad. Sylvia n\u2019en est pas \u00e0 son coup&hellip;\n","protected":false},"author":2,"featured_media":98947,"comment_status":"","ping_status":"","sticky":false,"template":"","format":"standard","meta":{"footnotes":""},"categories":[9619],"tags":[1111,11,1777,674,1011,27,12,882,25,2310,3366],"class_list":{"0":"post-98946","1":"post","2":"type-post","3":"status-publish","4":"format-standard","5":"has-post-thumbnail","7":"category-toulon","8":"tag-actu","9":"tag-actualites","10":"tag-eu","11":"tag-europe","12":"tag-fr","13":"tag-france","14":"tag-news","15":"tag-provence-alpes-cote-dazur","16":"tag-republique-francaise","17":"tag-toulon","18":"tag-vie-locale"},"share_on_mastodon":{"url":"https:\/\/pubeurope.com\/@fr\/114505352671257007","error":""},"_links":{"self":[{"href":"https:\/\/www.europesays.com\/fr\/wp-json\/wp\/v2\/posts\/98946","targetHints":{"allow":["GET"]}}],"collection":[{"href":"https:\/\/www.europesays.com\/fr\/wp-json\/wp\/v2\/posts"}],"about":[{"href":"https:\/\/www.europesays.com\/fr\/wp-json\/wp\/v2\/types\/post"}],"author":[{"embeddable":true,"href":"https:\/\/www.europesays.com\/fr\/wp-json\/wp\/v2\/users\/2"}],"replies":[{"embeddable":true,"href":"https:\/\/www.europesays.com\/fr\/wp-json\/wp\/v2\/comments?post=98946"}],"version-history":[{"count":0,"href":"https:\/\/www.europesays.com\/fr\/wp-json\/wp\/v2\/posts\/98946\/revisions"}],"wp:featuredmedia":[{"embeddable":true,"href":"https:\/\/www.europesays.com\/fr\/wp-json\/wp\/v2\/media\/98947"}],"wp:attachment":[{"href":"https:\/\/www.europesays.com\/fr\/wp-json\/wp\/v2\/media?parent=98946"}],"wp:term":[{"taxonomy":"category","embeddable":true,"href":"https:\/\/www.europesays.com\/fr\/wp-json\/wp\/v2\/categories?post=98946"},{"taxonomy":"post_tag","embeddable":true,"href":"https:\/\/www.europesays.com\/fr\/wp-json\/wp\/v2\/tags?post=98946"}],"curies":[{"name":"wp","href":"https:\/\/api.w.org\/{rel}","templated":true}]}}