{"id":98984,"date":"2025-05-14T09:15:07","date_gmt":"2025-05-14T09:15:07","guid":{"rendered":"https:\/\/www.europesays.com\/fr\/98984\/"},"modified":"2025-05-14T09:15:07","modified_gmt":"2025-05-14T09:15:07","slug":"la-nuit-des-arts-est-de-retour-a-roubaix-cest-le-rendez-vous-a-ne-pas-manquer","status":"publish","type":"post","link":"https:\/\/www.europesays.com\/fr\/98984\/","title":{"rendered":"La Nuit des Arts est de retour \u00e0 Roubaix, c&rsquo;est le rendez-vous \u00e0 ne pas manquer\u00a0!"},"content":{"rendered":"<p>            Par<br \/>\n        <strong><br \/>\n            <a href=\"https:\/\/actu.fr\/auteur\/redaction-lille\" title=\"Consulter tous les articles de R\u00e9daction Lille\" rel=\"nofollow noopener\" target=\"_blank\">R\u00e9daction Lille<\/a><br \/>\n        <\/strong><\/p>\n<p>        Publi\u00e9 le<\/p>\n<p>            14 mai 2025 \u00e0 11h00        <\/p>\n<p>Pr\u00e9parez votre<b> week-end !<\/b> L\u2019embl\u00e9matique <b>\u00e9v\u00e9nement artistique<\/b>\u00a0la <b>Nuit des Arts<\/b>\u00a0se tiendra les <b>16, 17 et 18 mai 2025<\/b> \u00e0 <a href=\"https:\/\/actu.fr\/hauts-de-france\/roubaix_59512\" rel=\"nofollow noopener\" target=\"_blank\">Roubaix<\/a> (Nord) pour vous plonger le temps d\u2019un week-end dans un <b>mus\u00e9e \u00e0 \u00e9chelle urbaine.<\/b><\/p>\n<p>L\u2019art \u00e0 port\u00e9e de main<\/p>\n<p class=\" wall-content\">Depuis 2010, Roubaix vous convie deux fois par an \u00e0 une <b>balade artistique immersive <\/b>dans toute la ville. L\u2019objectif est simple, la Ville situ\u00e9e dans la m\u00e9tropole de <a href=\"https:\/\/actu.fr\/lille\/\" rel=\"nofollow noopener\" target=\"_blank\">Lille<\/a> souhaite <b>rendre l\u2019art accessible aux petits et grands<\/b>, au\u00a0travers d\u2019expositions artistiques dans divers lieux, parfois surprenants.<\/p>\n<p class=\" wall-content\">Pendant l\u2019\u00e9v\u00e9nement, vous \u00eates invit\u00e9 \u00e0 partir \u00e0 la d\u00e9couverte d\u2019expositions vari\u00e9es (peinture, dessin, gravure, sculpture, installations photographiques, street art\u2026) dans <b>41 lieux r\u00e9partis dans toute la ville <\/b>avec<b> pr\u00e8s de 250 artistes<\/b> pour vous \u00e9merveiller. Mais alors comment se rep\u00e9rer ? Une <a href=\"https:\/\/www.roubaixxl.fr\/28e-nuit-des-arts\/\" rel=\"nofollow noopener\" target=\"_blank\">carte interactive est \u00e0 votre disposition sur Roubaix XXL<\/a> pour retrouver toutes les informations pratiques. Sur le terrain, des ballons seront plac\u00e9s \u00e0 l\u2019entr\u00e9e de chaque lieu pour vous rep\u00e9rer plus facilement.<\/p>\n<p>De nouveaux lieux \u00e0 d\u00e9couvrir<\/p>\n<p class=\" wall-content\">Pour cette nouvelle \u00e9dition, la Nuit des Arts vous r\u00e9serve des surprises. En effet, cinq nouveaux lieux se sont ajout\u00e9s \u00e0 la liste des exposants. Vous pourrez d\u00e9sormais vous rendre \u00e0 la <b>r\u00e9sidence Les Orchid\u00e9es<\/b> Roubaix-Barbieux, \u00e0 la <b>F\u00e9d\u00e9ration des Associations La\u00efques<\/b>, \u00e0 la <b>brasserie des Lys<\/b>, \u00e0 la <b>Maison Lousile <\/b>mais \u00e9galement au<b> Fil Rouge<\/b>, pour d\u00e9couvrir de nouvelles cr\u00e9ations.<\/p>\n<p>Un temps fort le samedi soir<\/p>\n<p class=\" wall-content\">Si vous n\u2019\u00eates pas pr\u00e9sents tout le week-end, le samedi 17 mai de 18h \u00e0 23h est le rendez-vous incontournable de cette \u00e9dition. Vous pourrez alors vous rendre dans tous les lieux gratuitement, o\u00f9 tous les artistes seront pr\u00e9sents, pour admirer et m\u00eame acheter les \u0153uvres pr\u00e9sent\u00e9es. Aucune excuse donc pour ne pas en profiter !<\/p>\n<p>Vid\u00e9os : en ce moment sur Actu<\/p>\n<p class=\" wall-content\"><b>Margaux Salignat<\/b><\/p>\n<p class=\" wall-content\">Suivez toute l\u2019actualit\u00e9 de vos villes et m\u00e9dias favoris en vous inscrivant \u00e0 <a href=\"https:\/\/moncompte.actu.fr\" title=\"D\u00e9couvez Mon Actu\" rel=\"nofollow noopener\" data-trk=\"{&quot;cta&quot;:{&quot;action&quot;:&quot;https:\\\/\\\/moncompte.actu.fr&quot;,&quot;category&quot;:&quot;mon compte&quot;,&quot;from&quot;:&quot;article footer&quot;,&quot;name&quot;:&quot;Mon actu&quot;,&quot;type&quot;:&quot;cta&quot;}}\" target=\"_blank\">Mon Actu<\/a>.<\/p>\n","protected":false},"excerpt":{"rendered":"Par R\u00e9daction Lille Publi\u00e9 le 14 mai 2025 \u00e0 11h00 Pr\u00e9parez votre week-end ! L\u2019embl\u00e9matique \u00e9v\u00e9nement artistique\u00a0la Nuit&hellip;\n","protected":false},"author":2,"featured_media":98985,"comment_status":"","ping_status":"","sticky":false,"template":"","format":"standard","meta":{"footnotes":""},"categories":[2815],"tags":[1111,11,1777,674,1011,27,811,1307,1652,12,25,7189],"class_list":{"0":"post-98984","1":"post","2":"type-post","3":"status-publish","4":"format-standard","5":"has-post-thumbnail","7":"category-lille","8":"tag-actu","9":"tag-actualites","10":"tag-eu","11":"tag-europe","12":"tag-fr","13":"tag-france","14":"tag-hauts-de-france","15":"tag-lille","16":"tag-loisirs-culture","17":"tag-news","18":"tag-republique-francaise","19":"tag-street-art"},"share_on_mastodon":{"url":"https:\/\/pubeurope.com\/@fr\/114505431629220376","error":""},"_links":{"self":[{"href":"https:\/\/www.europesays.com\/fr\/wp-json\/wp\/v2\/posts\/98984","targetHints":{"allow":["GET"]}}],"collection":[{"href":"https:\/\/www.europesays.com\/fr\/wp-json\/wp\/v2\/posts"}],"about":[{"href":"https:\/\/www.europesays.com\/fr\/wp-json\/wp\/v2\/types\/post"}],"author":[{"embeddable":true,"href":"https:\/\/www.europesays.com\/fr\/wp-json\/wp\/v2\/users\/2"}],"replies":[{"embeddable":true,"href":"https:\/\/www.europesays.com\/fr\/wp-json\/wp\/v2\/comments?post=98984"}],"version-history":[{"count":0,"href":"https:\/\/www.europesays.com\/fr\/wp-json\/wp\/v2\/posts\/98984\/revisions"}],"wp:featuredmedia":[{"embeddable":true,"href":"https:\/\/www.europesays.com\/fr\/wp-json\/wp\/v2\/media\/98985"}],"wp:attachment":[{"href":"https:\/\/www.europesays.com\/fr\/wp-json\/wp\/v2\/media?parent=98984"}],"wp:term":[{"taxonomy":"category","embeddable":true,"href":"https:\/\/www.europesays.com\/fr\/wp-json\/wp\/v2\/categories?post=98984"},{"taxonomy":"post_tag","embeddable":true,"href":"https:\/\/www.europesays.com\/fr\/wp-json\/wp\/v2\/tags?post=98984"}],"curies":[{"name":"wp","href":"https:\/\/api.w.org\/{rel}","templated":true}]}}