{"id":98990,"date":"2025-05-14T09:18:07","date_gmt":"2025-05-14T09:18:07","guid":{"rendered":"https:\/\/www.europesays.com\/fr\/98990\/"},"modified":"2025-05-14T09:18:07","modified_gmt":"2025-05-14T09:18:07","slug":"marseille-pour-lutter-contre-lerosion-des-plages-cette-experimentation-inedite-lancee","status":"publish","type":"post","link":"https:\/\/www.europesays.com\/fr\/98990\/","title":{"rendered":"Marseille. Pour lutter contre l&rsquo;\u00e9rosion des plages, cette exp\u00e9rimentation in\u00e9dite lanc\u00e9e"},"content":{"rendered":"<p>            Par<br \/>\n        <strong><br \/>\n            <a href=\"https:\/\/actu.fr\/auteur\/redaction-marseille\" title=\"Consulter tous les articles de R\u00e9daction Marseille\" target=\"_blank\" rel=\"noopener\">R\u00e9daction Marseille<\/a><br \/>\n        <\/strong><\/p>\n<p>        Publi\u00e9 le<\/p>\n<p>            14 mai 2025 \u00e0 10h57        <\/p>\n<p>C\u2019est un chantier d\u2019envergure qui a \u00e9t\u00e9 lanc\u00e9 ce mardi 13\u00a0mai 2025. La ville de <a href=\"https:\/\/actu.fr\/marseille\/\" target=\"_blank\" rel=\"noopener\">Marseille<\/a> a lanc\u00e9 ce mardi 13\u00a0mai 2025 une exp\u00e9rimentation sur <strong>quatre plages<\/strong> pour utiliser des herbiers de posidonie afin de lutter contre leur \u00e9rosion.<\/p>\n<p class=\" wall-content\">Les quatre plages concern\u00e9es sont\u2009: le <strong>Proph\u00e8te<\/strong> (7e), <strong>Bor\u00e9ly<\/strong> (8e), <strong>Bonneveine<\/strong> (8e) et celle du <strong>Fortin,<\/strong> dans le 16e arrondissement.<\/p>\n<p>Une entreprise va \u00e9taler la posidonie durant plusieurs jours<\/p>\n<p class=\" wall-content\">\u00ab\u2009On ne <strong>ramasse plus les v\u00e9g\u00e9taux \u00e9chou\u00e9s sur le sable entre fin octobre et maintenant<\/strong>\u2009\u00bb, a expliqu\u00e9 \u00e0 l\u2019AFP <a href=\"https:\/\/www.marseille.fr\/mer\/patrimoine-et-loisirs\/plan-posidonie\" target=\"_blank\" rel=\"noopener\">Herv\u00e9 Menchon, adjoint au maire en charge notamment du littoral<\/a>. Par cons\u00e9quent, les feuilles mortes des herbiers de posidonie, qui sont caduques, viennent s\u2019\u00e9chouer et former en hiver de larges \u00ab\u2009banquettes\u2009\u00bb aux couleurs sombres sur les plages, ce qui constitue un rempart naturel contre les vagues.<\/p>\n<p class=\" wall-content\">Mais avec l\u2019arriv\u00e9e de la saison estivale, il n\u2019est pas possible de laisser ces banquettes en l\u2019\u00e9tat, et pendant quelques jours, une entreprise \u00e9quip\u00e9e d\u2019une pelle m\u00e9canique va donc \u0153uvrer \u00e0 \u00e9taler la posidonie, pour former un \u00ab\u2009tapis\u2009\u00bb, qui sera recouvert de sable, et ainsi de suite jusqu\u2019\u00e0 <strong>former un \u00ab\u2009mille-feuille\u2009\u00bb<\/strong>, a poursuivi Herv\u00e9 Menchon. \u00c0 la fin, les feuilles, int\u00e9gr\u00e9es au sable, ne seront plus visibles.<\/p>\n<p>\u00ab\u2009On a d\u00e9natur\u00e9 notre paysage littoral\u2009\u00bb<\/p>\n<p class=\" wall-content\">\u00ab\u2009La banquette, il y a du sable \u00e0 l\u2019int\u00e9rieur naturellement, et un m\u00e8tre cube de posidonie peut <strong>pi\u00e9ger entre 10 et 100\u00a0kg de sable<\/strong>\u2009\u00bb, a d\u00e9taill\u00e9 Liva Andriamamonjy, charg\u00e9e d\u2019\u00e9tude au sein du service gestion du littoral de la municipalit\u00e9.<\/p>\n<p>Vid\u00e9os : en ce moment sur Actu<\/p>\n<p class=\" wall-content\">Surnomm\u00e9s \u00ab\u2009poumons des mers\u2009\u00bb, les herbiers de posidonie servent de puits de carbone, de nurserie pour poissons, en plus d\u2019apporter cette protection contre l\u2019\u00e9rosion c\u00f4ti\u00e8re.<br \/>Bien que la posidonie soit une plante prot\u00e9g\u00e9e depuis 1988, il \u00e9tait d\u2019usage pendant de nombreuses ann\u00e9es de retirer les banquettes des plages.<\/p>\n<p class=\" wall-content\">Cette coutume \u00e9tait une r\u00e9ponse \u00ab\u2009\u00e0 des st\u00e9r\u00e9otypes touristiques de la plage de sable blanc, tout fin, avec des cocotiers\u2009: plut\u00f4t que d\u2019aller aux Antilles, on a essay\u00e9 de reproduire les Antilles sur <a href=\"https:\/\/actu.fr\/tag\/mediterranee\" target=\"_blank\" rel=\"noopener\">le littoral m\u00e9diterran\u00e9en<\/a>, et donc, on a d\u00e9natur\u00e9 notre paysage littoral\u2009\u00bb, a regrett\u00e9 Herv\u00e9 Menchon.<\/p>\n<p>375\u2009000\u00a0euros de budget sur trois ans<\/p>\n<p class=\" wall-content\">La banquette de posidonie a donc toujours fait \u00ab\u2009partie du paysage naturel de notre littoral m\u00e9diterran\u00e9en\u2009\u00bb, a insist\u00e9 l\u2019\u00e9lu, mais <strong>un travail de sensibilisation du public sera n\u00e9cessaire<\/strong>, pour accompagner le chantier, et expliquer que la formation des banquettes est un ph\u00e9nom\u00e8ne naturel, b\u00e9n\u00e9fique \u00e0 l\u2019environnement et qui n\u2019est ni sale, ni naus\u00e9abond.<\/p>\n<p class=\" wall-content\">Le budget allou\u00e9 au projet est de 375\u2009000\u00a0euros pour trois ans.<\/p>\n<p class=\" wall-content\"><strong>AVEC AFP<\/strong><\/p>\n<p class=\" wall-content\">Suivez toute l\u2019actualit\u00e9 de vos villes et m\u00e9dias favoris en vous inscrivant \u00e0 <a href=\"https:\/\/moncompte.actu.fr\" title=\"D\u00e9couvez Mon Actu\" rel=\"nofollow noopener\" data-trk=\"{&quot;cta&quot;:{&quot;action&quot;:&quot;https:\\\/\\\/moncompte.actu.fr&quot;,&quot;category&quot;:&quot;mon compte&quot;,&quot;from&quot;:&quot;article footer&quot;,&quot;name&quot;:&quot;Mon actu&quot;,&quot;type&quot;:&quot;cta&quot;}}\" target=\"_blank\">Mon Actu<\/a>.<\/p>\n<ul class=\"ac-article-tag wall-content\">\n<li><a href=\"https:\/\/actu.fr\/tag\/environnement\" data-trk=\"{&quot;cta&quot;:{&quot;action&quot;:&quot;Environnement&quot;,&quot;category&quot;:&quot;tag&quot;,&quot;from&quot;:&quot;article footer&quot;,&quot;name&quot;:&quot;Environnement&quot;,&quot;type&quot;:&quot;cta&quot;}}\" target=\"_blank\" rel=\"noopener\">#Environnement<\/a><\/li>\n<li><a href=\"https:\/\/actu.fr\/tag\/mediterranee\" data-trk=\"{&quot;cta&quot;:{&quot;action&quot;:&quot;M\\u00e9diterran\\u00e9e&quot;,&quot;category&quot;:&quot;tag&quot;,&quot;from&quot;:&quot;article footer&quot;,&quot;name&quot;:&quot;M\\u00e9diterran\\u00e9e&quot;,&quot;type&quot;:&quot;cta&quot;}}\" target=\"_blank\" rel=\"noopener\">#M\u00e9diterran\u00e9e<\/a><\/li>\n<\/ul>\n","protected":false},"excerpt":{"rendered":"Par R\u00e9daction Marseille Publi\u00e9 le 14 mai 2025 \u00e0 10h57 C\u2019est un chantier d\u2019envergure qui a \u00e9t\u00e9 lanc\u00e9&hellip;\n","protected":false},"author":2,"featured_media":98991,"comment_status":"","ping_status":"","sticky":false,"template":"","format":"standard","meta":{"footnotes":""},"categories":[2814],"tags":[1111,11,436,1777,674,1011,27,884,1252,12,882,25,104],"class_list":{"0":"post-98990","1":"post","2":"type-post","3":"status-publish","4":"format-standard","5":"has-post-thumbnail","7":"category-marseille","8":"tag-actu","9":"tag-actualites","10":"tag-environnement","11":"tag-eu","12":"tag-europe","13":"tag-fr","14":"tag-france","15":"tag-marseille","16":"tag-mediterranee","17":"tag-news","18":"tag-provence-alpes-cote-dazur","19":"tag-republique-francaise","20":"tag-societe"},"share_on_mastodon":{"url":"https:\/\/pubeurope.com\/@fr\/114505443128795776","error":""},"_links":{"self":[{"href":"https:\/\/www.europesays.com\/fr\/wp-json\/wp\/v2\/posts\/98990","targetHints":{"allow":["GET"]}}],"collection":[{"href":"https:\/\/www.europesays.com\/fr\/wp-json\/wp\/v2\/posts"}],"about":[{"href":"https:\/\/www.europesays.com\/fr\/wp-json\/wp\/v2\/types\/post"}],"author":[{"embeddable":true,"href":"https:\/\/www.europesays.com\/fr\/wp-json\/wp\/v2\/users\/2"}],"replies":[{"embeddable":true,"href":"https:\/\/www.europesays.com\/fr\/wp-json\/wp\/v2\/comments?post=98990"}],"version-history":[{"count":0,"href":"https:\/\/www.europesays.com\/fr\/wp-json\/wp\/v2\/posts\/98990\/revisions"}],"wp:featuredmedia":[{"embeddable":true,"href":"https:\/\/www.europesays.com\/fr\/wp-json\/wp\/v2\/media\/98991"}],"wp:attachment":[{"href":"https:\/\/www.europesays.com\/fr\/wp-json\/wp\/v2\/media?parent=98990"}],"wp:term":[{"taxonomy":"category","embeddable":true,"href":"https:\/\/www.europesays.com\/fr\/wp-json\/wp\/v2\/categories?post=98990"},{"taxonomy":"post_tag","embeddable":true,"href":"https:\/\/www.europesays.com\/fr\/wp-json\/wp\/v2\/tags?post=98990"}],"curies":[{"name":"wp","href":"https:\/\/api.w.org\/{rel}","templated":true}]}}