{"id":98996,"date":"2025-05-14T09:21:08","date_gmt":"2025-05-14T09:21:08","guid":{"rendered":"https:\/\/www.europesays.com\/fr\/98996\/"},"modified":"2025-05-14T09:21:08","modified_gmt":"2025-05-14T09:21:08","slug":"ile-de-france-mobilites-ouvre-une-ligne-de-covoiturage-a-saclay","status":"publish","type":"post","link":"https:\/\/www.europesays.com\/fr\/98996\/","title":{"rendered":"\u00cele-de-France Mobilit\u00e9s ouvre une ligne de covoiturage \u00e0 Saclay"},"content":{"rendered":"\n<p><strong>\u00c0 partir du 26 mai 2025, \u00cele-de-France Mobilit\u00e9s inaugure un nouveau mode de transport innovant et \u00e9cologique pour les Franciliens<\/strong>.<\/p>\n<p>Cette initiative d\u2019une premi\u00e8re ligne de <a href=\"https:\/\/mobiwisy.fr\/categorie\/transports-collectifs\/covoiturage\" data-internallinksmanager029f6b8e52c=\"49\" title=\"Covoiturage\" data-wpel-link=\"internal\" rel=\"nofollow noopener\" target=\"_blank\">covoiturage<\/a> en \u00cele-de-France sur le plateau de Saclay vise \u00e0 faciliter les d\u00e9placements tout en r\u00e9pondant aux enjeux environnementaux et sociaux de la r\u00e9gion.<\/p>\n<p>Baptis\u00e9e Ligne 1, cette premi\u00e8re exp\u00e9rimentation reliera Cernay-la-Ville, Chevreuse, Saint-R\u00e9my-l\u00e8s-Chevreuse, Magny-les-Hameaux, Guyancourt et Gif-sur-Yvette. Accessible sans r\u00e9servation, elle fonctionne comme une ligne de bus, avec des arr\u00eats fixes et des itin\u00e9raires pr\u00e9\u00e9tablis. Une particularit\u00e9 ? Les trajets s\u2019organisent en temps r\u00e9el via une application d\u00e9di\u00e9e, t\u00e9l\u00e9chargeable d\u00e8s le 28 avril 2025.<\/p>\n<p>Le concept se distingue des services traditionnels de covoiturage. Les passagers signalent leur besoin de transport depuis un arr\u00eat via l\u2019application, un SMS ou un appel t\u00e9l\u00e9phonique. Les conducteurs inscrits sur l\u2019application sont alors alert\u00e9s et peuvent r\u00e9cup\u00e9rer les passagers sur leur itin\u00e9raire. Ce service fonctionne du lundi au vendredi, de 4 h \u00e0 23 h.<\/p>\n<p><a href=\"https:\/\/www.europesays.com\/fr\/wp-content\/uploads\/2025\/05\/aAe_8PIqRLdaBekV_2503_IDFM_Cartographie_100x600px_VF.jpg\" data-wpel-link=\"internal\"><\/p>\n<p><img fetchpriority=\"high\" decoding=\"async\" width=\"1360\" height=\"816\" src=\"data:image\/svg+xml,%3Csvg%20xmlns=\" http:=\"\" alt=\"\" data-lazy- data-lazy- data-lazy-src=\"https:\/\/www.europesays.com\/fr\/wp-content\/uploads\/2025\/05\/aAe_8PIqRLdaBekV_2503_IDFM_Cartographie_100x600px_VF.jpg\"\/><\/p>\n<p><\/a><\/p>\n<p>Pour encourager les conducteurs, \u00cele-de-France Mobilit\u00e9s propose des avantages financiers attractifs :<\/p>\n<ul class=\"wp-block-list\">\n<li><strong>0,50 \u20ac<\/strong>\u00a0pour chaque trajet de plus de 5 km d\u00e9clar\u00e9 aux heures de pointe, m\u00eame sans passager.<\/li>\n<li><strong>2 \u20ac<\/strong>\u00a0par passager transport\u00e9 pour un trajet sup\u00e9rieur \u00e0 2 km.<\/li>\n<\/ul>\n<p>Les passagers b\u00e9n\u00e9ficient de trajets gratuits lors des premiers mois de lancement, une opportunit\u00e9 id\u00e9ale pour tester ce mode de transport sans engagement.<\/p>\n<p><strong>Pourquoi cette initiative d\u2019\u00cele-de-France Mobilit\u00e9s ?<\/strong><\/p>\n<p>Face aux d\u00e9fis du trafic en Grande Couronne, ce projet vise \u00e0 r\u00e9duire les \u00e9missions de CO2, fluidifier les d\u00e9placements et compl\u00e9ter l\u2019offre de transport public. Pr\u00e8s de 90 % des voitures en \u00cele-de-France transportent une seule personne sur les trajets domicile-travail. En favorisant le partage de trajets, \u00cele-de-France Mobilit\u00e9s esp\u00e8re transformer ces habitudes.<\/p>\n<p>Pour les Franciliens r\u00e9sidant ou travaillant autour du plateau de Saclay, cette nouvelle ligne promet une alternative pratique, \u00e9conomique et \u00e9cologique. Conducteurs ou passagers, l\u2019aventure du covoiturage vous attend !<\/p>\n<p><strong>\u00c0 LIRE AUSSI : <a href=\"https:\/\/mobiwisy.fr\/transports-collectifs\/transports-en-commun\/ile-de-france-mobilites-la-police-municipale-desormais-bienvenue\" data-wpel-link=\"internal\" rel=\"nofollow noopener\" target=\"_blank\">\u00cele-de-France Mobilit\u00e9s : la police municipale d\u00e9sormais bienvenue<\/a><\/strong><\/p>\n","protected":false},"excerpt":{"rendered":"\u00c0 partir du 26 mai 2025, \u00cele-de-France Mobilit\u00e9s inaugure un nouveau mode de transport innovant et \u00e9cologique pour&hellip;\n","protected":false},"author":2,"featured_media":98997,"comment_status":"","ping_status":"","sticky":false,"template":"","format":"standard","meta":{"footnotes":""},"categories":[1592],"tags":[1111,11,16745,1777,674,1011,27,662,10883,12,626,25],"class_list":{"0":"post-98996","1":"post","2":"type-post","3":"status-publish","4":"format-standard","5":"has-post-thumbnail","7":"category-ile-de-france","8":"tag-actu","9":"tag-actualites","10":"tag-covoiturage","11":"tag-eu","12":"tag-europe","13":"tag-fr","14":"tag-france","15":"tag-ile-de-france","16":"tag-ile-de-france-mobilites","17":"tag-news","18":"tag-paris","19":"tag-republique-francaise"},"share_on_mastodon":{"url":"https:\/\/pubeurope.com\/@fr\/114505454979774385","error":""},"_links":{"self":[{"href":"https:\/\/www.europesays.com\/fr\/wp-json\/wp\/v2\/posts\/98996","targetHints":{"allow":["GET"]}}],"collection":[{"href":"https:\/\/www.europesays.com\/fr\/wp-json\/wp\/v2\/posts"}],"about":[{"href":"https:\/\/www.europesays.com\/fr\/wp-json\/wp\/v2\/types\/post"}],"author":[{"embeddable":true,"href":"https:\/\/www.europesays.com\/fr\/wp-json\/wp\/v2\/users\/2"}],"replies":[{"embeddable":true,"href":"https:\/\/www.europesays.com\/fr\/wp-json\/wp\/v2\/comments?post=98996"}],"version-history":[{"count":0,"href":"https:\/\/www.europesays.com\/fr\/wp-json\/wp\/v2\/posts\/98996\/revisions"}],"wp:featuredmedia":[{"embeddable":true,"href":"https:\/\/www.europesays.com\/fr\/wp-json\/wp\/v2\/media\/98997"}],"wp:attachment":[{"href":"https:\/\/www.europesays.com\/fr\/wp-json\/wp\/v2\/media?parent=98996"}],"wp:term":[{"taxonomy":"category","embeddable":true,"href":"https:\/\/www.europesays.com\/fr\/wp-json\/wp\/v2\/categories?post=98996"},{"taxonomy":"post_tag","embeddable":true,"href":"https:\/\/www.europesays.com\/fr\/wp-json\/wp\/v2\/tags?post=98996"}],"curies":[{"name":"wp","href":"https:\/\/api.w.org\/{rel}","templated":true}]}}