{"id":99002,"date":"2025-05-14T09:24:09","date_gmt":"2025-05-14T09:24:09","guid":{"rendered":"https:\/\/www.europesays.com\/fr\/99002\/"},"modified":"2025-05-14T09:24:09","modified_gmt":"2025-05-14T09:24:09","slug":"violent-incendie-dans-le-nord-de-paris-quatre-blesses-dont-un-grave","status":"publish","type":"post","link":"https:\/\/www.europesays.com\/fr\/99002\/","title":{"rendered":"Violent incendie dans le nord de Paris : quatre bless\u00e9s, dont un grave"},"content":{"rendered":"<p>Un incendie s&rsquo;est d\u00e9clar\u00e9 mardi soir dans un appartement du boulevard Ney dans le 18\u1d49 arrondissement pour une raison ind\u00e9termin\u00e9e.Les soldats du feu ont port\u00e9 secours \u00e0 une dizaine de personnes.Bilan : quatre bless\u00e9s dont un grave.<\/p>\n<p data-module=\"article-paragraph\" class=\"jsx-362436225 Paragraph\">L&rsquo;origine du sinistre est pour l&rsquo;heure inconnue. Mardi 13 mai vers 20h40, un violent incendie s&rsquo;est d\u00e9clar\u00e9 dans la cuisine d&rsquo;un appartement situ\u00e9 au cinqui\u00e8me \u00e9tage d&rsquo;un immeuble du 164 boulevard Ney, pr\u00e8s de la porte de Saint-Ouen dans le 18\u1d49 arrondissement.<\/p>\n<p data-module=\"article-paragraph\" class=\"jsx-362436225 Paragraph Paragraph__End\">Imm\u00e9diatement alert\u00e9s, les soldats du feu se sont rendus sur place pour porter secours aux occupants de ce b\u00e2timent de six \u00e9tages.\u00a0<\/p>\n<blockquote data-testid=\"EmbedTwitter\" id=\"tweet-1922553917205840379-:Rbmij9n79m:\" class=\"jsx-aeff1a1c40f54d7a twitter-tweet flex justify-center items-center\"><p>\ud83d\udea8 [ #Intervention ] Hier soir, dans le 18e arrondissement de Paris, les pompiers de Paris sont intervenus pour un feu d\u2019appartement situ\u00e9 au 5e \u00e9tage. \ud83d\udd25Incendie de 40 m\u00b2 ma\u00eetris\u00e9 gr\u00e2ce \u00e0 une lance. \ud83d\udc68\u200d\ud83d\ude92Plusieurs sauvetages effectu\u00e9s. \ud83d\ude914 bless\u00e9s, dont 1 en urgence absolue.  pic.twitter.com\/hXZyi14hLQ \u2014 PompiersParis (@PompiersParis)  May 14, 2025<\/p><\/blockquote>\n<p data-module=\"article-paragraph\" class=\"jsx-362436225 Paragraph\">L&rsquo;immeuble a \u00e9t\u00e9 rapidement \u00e9vacu\u00e9 par les personnels de la brigade des sapeurs-pompiers de Paris.\u00a0Le bilan communiqu\u00e9 post-intervention fait \u00e9tat d&rsquo;un bless\u00e9 grave, souffrant d&rsquo;une h\u00e9morragie digestive et incommod\u00e9e par les fum\u00e9es, de trois bless\u00e9s l\u00e9gers et de six personnes intoxiqu\u00e9es par les fum\u00e9es. Plusieurs d&rsquo;entre elles ont \u00e9t\u00e9 conduites \u00e0 l&rsquo;h\u00f4pital.\u00a0<\/p>\n<p data-module=\"article-paragraph\" class=\"jsx-362436225 Paragraph Paragraph__End\">Une enqu\u00eate a \u00e9t\u00e9 ouverte par le parquet de Paris.\u00a0<\/p>\n<p>Aur\u00e9lie SARROT<\/p>\n<p><script async src=\"https:\/\/platform.twitter.com\/widgets.js\" charset=\"utf-8\"><\/script><\/p>\n","protected":false},"excerpt":{"rendered":"Un incendie s&rsquo;est d\u00e9clar\u00e9 mardi soir dans un appartement du boulevard Ney dans le 18\u1d49 arrondissement pour une&hellip;\n","protected":false},"author":2,"featured_media":99003,"comment_status":"","ping_status":"","sticky":false,"template":"","format":"standard","meta":{"footnotes":""},"categories":[1888],"tags":[1111,1928,11,1927,1921,1777,674,6017,5582,1011,27,1922,303,2954,12,1926,626,1925,1072,4775,25,133,2953],"class_list":{"0":"post-99002","1":"post","2":"type-post","3":"status-publish","4":"format-standard","5":"has-post-thumbnail","7":"category-paris","8":"tag-actu","9":"tag-actu-paris","10":"tag-actualites","11":"tag-actualites-paris","12":"tag-article-video","13":"tag-eu","14":"tag-europe","15":"tag-fait-divers","16":"tag-forces-de-lordre-armee-pompiers","17":"tag-fr","18":"tag-france","19":"tag-info","20":"tag-justice","21":"tag-justice-et-faits-divers","22":"tag-news","23":"tag-news-paris","24":"tag-paris","25":"tag-paris-news","26":"tag-police","27":"tag-pompier","28":"tag-republique-francaise","29":"tag-video","30":"tag-video-police"},"share_on_mastodon":{"url":"https:\/\/pubeurope.com\/@fr\/114505466770825623","error":""},"_links":{"self":[{"href":"https:\/\/www.europesays.com\/fr\/wp-json\/wp\/v2\/posts\/99002","targetHints":{"allow":["GET"]}}],"collection":[{"href":"https:\/\/www.europesays.com\/fr\/wp-json\/wp\/v2\/posts"}],"about":[{"href":"https:\/\/www.europesays.com\/fr\/wp-json\/wp\/v2\/types\/post"}],"author":[{"embeddable":true,"href":"https:\/\/www.europesays.com\/fr\/wp-json\/wp\/v2\/users\/2"}],"replies":[{"embeddable":true,"href":"https:\/\/www.europesays.com\/fr\/wp-json\/wp\/v2\/comments?post=99002"}],"version-history":[{"count":0,"href":"https:\/\/www.europesays.com\/fr\/wp-json\/wp\/v2\/posts\/99002\/revisions"}],"wp:featuredmedia":[{"embeddable":true,"href":"https:\/\/www.europesays.com\/fr\/wp-json\/wp\/v2\/media\/99003"}],"wp:attachment":[{"href":"https:\/\/www.europesays.com\/fr\/wp-json\/wp\/v2\/media?parent=99002"}],"wp:term":[{"taxonomy":"category","embeddable":true,"href":"https:\/\/www.europesays.com\/fr\/wp-json\/wp\/v2\/categories?post=99002"},{"taxonomy":"post_tag","embeddable":true,"href":"https:\/\/www.europesays.com\/fr\/wp-json\/wp\/v2\/tags?post=99002"}],"curies":[{"name":"wp","href":"https:\/\/api.w.org\/{rel}","templated":true}]}}