{"id":99013,"date":"2025-05-14T09:30:18","date_gmt":"2025-05-14T09:30:18","guid":{"rendered":"https:\/\/www.europesays.com\/fr\/99013\/"},"modified":"2025-05-14T09:30:18","modified_gmt":"2025-05-14T09:30:18","slug":"landmvrks-annonce-une-tournee-en-europe-et-au-royaume-uni","status":"publish","type":"post","link":"https:\/\/www.europesays.com\/fr\/99013\/","title":{"rendered":"Landmvrks annonce une tourn\u00e9e en Europe et au Royaume-Uni !"},"content":{"rendered":"<p><img decoding=\"async\" class=\"\" style=\"width:100%;max-width:100%\" src=\"https:\/\/www.europesays.com\/fr\/wp-content\/uploads\/2025\/05\/denver_promo_51747134584807-format16by9.jpg\" alt=\"Landmvrks en tourn\u00e9e europ\u00e9enne cet hiver !\"\/><\/p>\n<p>Le groupe marseillais vient de sortir son nouvel album, \u00ab\u00a0The Darkest Place I&rsquo;ve Ever Been\u00a0\u00bb.<\/p>\n<p>Cr\u00e9dit : LANDMVRKS<\/p>\n<p class=\"p1\" style=\"text-align: justify;\">Apr\u00e8s l\u2019Australie et l\u2019Am\u00e9rique du Nord\u2026 voici Landmvrks en Europe et au Royaume-Uni ! Le groupe de Metalcore fran\u00e7ais vient d\u2019annoncer une tourn\u00e9e qui aura lieu \u00e0 la fin de l\u2019ann\u00e9e 2025 ! Les Marseillais d\u00e9buteront ce tron\u00e7on le 4 d\u00e9cembre prochain depuis la Halle Verri\u00e8re de Meisenthal, avant de se rendre \u00e0 Londres, en Allemagne, puis de revenir en France pour une date \u00e0 l\u2019A\u00e9ronef de Lille. Avec en point d\u2019orgue de cette petite tourn\u00e9e le Z\u00e9nith de Paris le samedi 31 janvier 2026. Rendez-vous ce vendredi 16 mai pour l\u2019ouverture de la billetterie, <a href=\"https:\/\/www.landmvrks.com\/tour?fbclid=PAZXh0bgNhZW0CMTEAAacOaiA0qESK_C1ZuSwYFCiauiLHLJFmVf8qudQ053yorMRT6diJHVU8XRYSfw_aem_mTUzEY_4G1mETm5Oio_ckQ\" rel=\"noopener\" target=\"_blank\">sur le site officiel<\/a> du groupe !<\/p>\n<p class=\"p1\" style=\"text-align: justify;\">Sur cette suite de concerts, Landmvrks sera tr\u00e8s bien accompagn\u00e9, puisque les Am\u00e9ricains d\u2019Underoath, qui viennent de sortir leur nouvel album The Place After This One, seront de la partie, tout comme le groupe de hard-core new-yorkais Pain of Truth, et un jeune groupe britannique, Split Chain, tout juste sign\u00e9 chez Epitaph Records et qui pr\u00e9pare la sortie de son premier album, motionblur, le 11 juillet prochain. Ces trois formations seront aussi de la partie lors de la date exceptionnelle de Landmvrks au Z\u00e9nith de Paris.<\/p>\n<p> Des concerts toute l\u2019ann\u00e9e<\/p>\n<p class=\"p1\" style=\"text-align: justify;\">Le groupe de Metalcore poursuit son ascension en s\u2019affirmant encore comme l\u2019une des figures de proue de la sc\u00e8ne fran\u00e7aise avec la sortie, le 25 avril dernier chez Arising Empire, de leur nouvel album, The Darkest Place I\u2019ve Ever Been. Un disque ultra travaill\u00e9 et efficace, et dot\u00e9 d\u2019une puissance m\u00e9lancolique qui vous emporte \u00e0 coup s\u00fbr. Les Marseillais sont actuellement en tourn\u00e9e en Australie, premiers chanceux \u00e0 d\u00e9couvrir les nouveaux titres en live. Ils prendront ensuite la direction des festivals europ\u00e9ens, avec de nombreux passages en France, dont les Eurock\u00e9ennes, Garorock et Les Francofolies, avant de se diriger vers l\u2019Am\u00e9rique du Nord cet automne.<\/p>\n<p class=\"p1\" style=\"text-align: justify;\">Le groupe \u00e9tait en interview et en session live acoustique exclusive dans Bring The Noise pour c\u00e9l\u00e9brer la sortie de l\u2019album et nous parler de sa conception et sa production. Interview que vous d\u00e9couvrez ou red\u00e9couvrez ci-dessous !<\/p>\n","protected":false},"excerpt":{"rendered":"Le groupe marseillais vient de sortir son nouvel album, \u00ab\u00a0The Darkest Place I&rsquo;ve Ever Been\u00a0\u00bb. Cr\u00e9dit : LANDMVRKS&hellip;\n","protected":false},"author":2,"featured_media":99014,"comment_status":"","ping_status":"","sticky":false,"template":"","format":"standard","meta":{"footnotes":""},"categories":[1588],"tags":[11,1692,13940,21344,2869,1777,674,3337,27,2173,9185,12,10650,21341,626,396,473,1853,21342,21343,4441,1851,21340,1850,1852,12177],"class_list":{"0":"post-99013","1":"post","2":"type-post","3":"status-publish","4":"format-standard","5":"has-post-thumbnail","7":"category-royaume-uni","8":"tag-actualites","9":"tag-album","10":"tag-billetterie","11":"tag-bring-the-noise","12":"tag-date","13":"tag-eu","14":"tag-europe","15":"tag-festivals","16":"tag-france","17":"tag-interview","18":"tag-landmvrks","19":"tag-news","20":"tag-ou","21":"tag-pain-of-truth","22":"tag-paris","23":"tag-quand","24":"tag-royaume-uni","25":"tag-royaume-uni-de-grande-bretagne-et-dirlande-du-nord","26":"tag-split-chain","27":"tag-the-darkest-place-ive-ever-been","28":"tag-tournee","29":"tag-uk","30":"tag-underoath","31":"tag-united-kingdom","32":"tag-united-kingdom-of-great-britain-and-northern-ireland","33":"tag-zenith"},"share_on_mastodon":{"url":"https:\/\/pubeurope.com\/@fr\/114505490408417634","error":""},"_links":{"self":[{"href":"https:\/\/www.europesays.com\/fr\/wp-json\/wp\/v2\/posts\/99013","targetHints":{"allow":["GET"]}}],"collection":[{"href":"https:\/\/www.europesays.com\/fr\/wp-json\/wp\/v2\/posts"}],"about":[{"href":"https:\/\/www.europesays.com\/fr\/wp-json\/wp\/v2\/types\/post"}],"author":[{"embeddable":true,"href":"https:\/\/www.europesays.com\/fr\/wp-json\/wp\/v2\/users\/2"}],"replies":[{"embeddable":true,"href":"https:\/\/www.europesays.com\/fr\/wp-json\/wp\/v2\/comments?post=99013"}],"version-history":[{"count":0,"href":"https:\/\/www.europesays.com\/fr\/wp-json\/wp\/v2\/posts\/99013\/revisions"}],"wp:featuredmedia":[{"embeddable":true,"href":"https:\/\/www.europesays.com\/fr\/wp-json\/wp\/v2\/media\/99014"}],"wp:attachment":[{"href":"https:\/\/www.europesays.com\/fr\/wp-json\/wp\/v2\/media?parent=99013"}],"wp:term":[{"taxonomy":"category","embeddable":true,"href":"https:\/\/www.europesays.com\/fr\/wp-json\/wp\/v2\/categories?post=99013"},{"taxonomy":"post_tag","embeddable":true,"href":"https:\/\/www.europesays.com\/fr\/wp-json\/wp\/v2\/tags?post=99013"}],"curies":[{"name":"wp","href":"https:\/\/api.w.org\/{rel}","templated":true}]}}