{"id":99022,"date":"2025-05-14T09:35:11","date_gmt":"2025-05-14T09:35:11","guid":{"rendered":"https:\/\/www.europesays.com\/fr\/99022\/"},"modified":"2025-05-14T09:35:11","modified_gmt":"2025-05-14T09:35:11","slug":"melenchon-attaque-les-auteurs-du-livre-enquete-la-meute-consacre-a-lfi","status":"publish","type":"post","link":"https:\/\/www.europesays.com\/fr\/99022\/","title":{"rendered":"M\u00e9lenchon attaque les auteurs du livre-enqu\u00eate La Meute consacr\u00e9 \u00e0 LFI"},"content":{"rendered":"<p>Ce livre, fruit d\u2019un travail de deux ans au cours duquel 200 personnes ont \u00e9t\u00e9 interrog\u00e9es, d\u00e9crit une formation totalement organis\u00e9e autour de la personnalit\u00e9 de Jean-Luc M\u00e9lenchon, o\u00f9 les intimidations et les menaces sont monnaie courante.<\/p>\n<p class=\"fig-paragraph\">Le leader de La France insoumise\u00a0<a href=\"http:\/\/www.lefigaro.fr\/flash-actu\/une-guerre-sociale-jean-luc-melenchon-s-insurge-apres-les-annonces-du-gouvernement-sur-le-budget-2026-20250413\" target=\"_blank\" data-fig-type=\"NewsFlash\" rel=\"noopener\" data-gtm-custom-categorie=\"navigation\" data-gtm-custom-action=\"crossclick\" data-gtm-custom-label=\"Contextuel\" data-gtm-event=\"customEventSPE\" data-fig-domain=\"LEFIGARO\">Jean-Luc M\u00e9lenchon<\/a>\u00a0a dit mardi lors d&rsquo;un meeting ne pas avoir lu\u00a0<a href=\"http:\/\/www.lefigaro.fr\/actualite-france\/la-meute-clementine-autain-denonce-une-culture-viriliste-et-d-intimidation-au-sein-de-lfi-20250508\" target=\"_blank\" data-fig-type=\"NewsFlash\" rel=\"noopener\" data-gtm-custom-categorie=\"navigation\" data-gtm-custom-action=\"crossclick\" data-gtm-custom-label=\"Contextuel\" data-gtm-event=\"customEventSPE\" data-fig-domain=\"LEFIGARO\">\u00abLa Meute\u00bb, le livre-enqu\u00eate paru la semaine derni\u00e8re<\/a>\u00a0portant sur les m\u00e9thodes de fonctionnement tr\u00e8s d\u00e9cri\u00e9es de LFI. \u00abQu&rsquo;est-ce que je fais? Je prends le livre et je r\u00e9ponds page par page?\u00bb, a demand\u00e9 le triple candidat \u00e0 la pr\u00e9sidentielle lors d&rsquo;un meeting \u00e0 Aubenas (Ard\u00e8che).<\/p>\n<p class=\"fig-paragraph\">\u00abJe ne l&rsquo;ai m\u00eame pas lu. Je ne veux pas le lire. Je ne veux pas qu&rsquo;il m&rsquo;ab\u00eeme. Je ne veux pas qu&rsquo;il me rentre dans la t\u00eate\u00bb, a ajout\u00e9 Jean-Luc M\u00e9lenchon, qui s&rsquo;exprimait pour la premi\u00e8re fois publiquement sur cet ouvrage. Le fondateur de LFI a \u00e9galement qualifi\u00e9 les deux auteurs du livre de \u00abgens d\u00e9g\u00e9n\u00e9r\u00e9s\u00bb, les accusant d&rsquo;avoir \u00abrelu et r\u00e9invent\u00e9\u00bb la vie priv\u00e9e des dirigeants insoumis.<\/p>\n<p class=\"fig-body-link\">\n            \u00c0 lire aussi<br \/>\n        <a class=\"fig-body-link__link fig-premium-mark\" href=\"http:\/\/www.lefigaro.fr\/politique\/la-meute-un-livre-enquete-pointe-les-derives-du-systeme-melenchon-20250506\" data-fig-type=\"NewsFlash\" data-gtm-custom-categorie=\"navigation\" data-gtm-custom-action=\"crossclick\" data-gtm-custom-label=\"Contextuel\" data-gtm-event=\"customEventSPE\" data-fig-domain=\"LEFIGARO\" target=\"_blank\" rel=\"noopener\">La Meute\u00a0: un livre-enqu\u00eate pointe les d\u00e9rives du syst\u00e8me M\u00e9lenchon<br \/>\n    <\/a>\n<\/p>\n<p>\u00abM\u00e9lenchon est un maltraitant qui cr\u00e9e des maltraitants\u00bb<\/p>\n<p class=\"fig-paragraph\">Les journalistes Charlotte Bela\u00efch (Lib\u00e9ration) et Olivier P\u00e9rou (Le Monde) ont publi\u00e9 la semaine derni\u00e8re une enqu\u00eate sur le mouvement cr\u00e9\u00e9 en 2016 par l&rsquo;ancien s\u00e9nateur socialiste, intitul\u00e9 \u00abLa Meute\u00bb (Flammarion). Ce livre, fruit d&rsquo;un travail de deux ans au cours duquel ils ont interrog\u00e9 200 personnes, d\u00e9crit une formation totalement organis\u00e9e autour de la personnalit\u00e9 de Jean-Luc M\u00e9lenchon, o\u00f9 les intimidations et les menaces sont monnaie courante.<\/p>\n<p class=\"fig-paragraph\">L&rsquo;ouvrage \u00e9voque notamment la relation de Jean-Luc M\u00e9lenchon avec la d\u00e9put\u00e9e insoumise de Paris,\u00a0<a href=\"http:\/\/www.lefigaro.fr\/politique\/je-ne-partage-en-rien-leur-projet-islamiste-accusee-d-avoir-rendu-hommage-au-chef-du-hamas-sophia-chikirou-lfi-se-defend-20240805\" target=\"_blank\" data-fig-type=\"NewsFlash\" rel=\"noopener\" data-gtm-custom-categorie=\"navigation\" data-gtm-custom-action=\"crossclick\" data-gtm-custom-label=\"Contextuel\" data-gtm-event=\"customEventSPE\" data-fig-domain=\"LEFIGARO\">Sophia Chikirou<\/a>. Dans le livre l&rsquo;ancienne d\u00e9put\u00e9e LFI Raquel Garrido, qui fut longtemps proche de Jean-Luc M\u00e9lenchon, dont elle a m\u00eame \u00e9t\u00e9 l&rsquo;avocate, raconte avoir \u00e9t\u00e9 hospitalis\u00e9e en psychiatrie \u00e0 cause des pressions subies.<\/p>\n<p class=\"fig-paragraph\">\u00abM\u00e9lenchon est un maltraitant qui cr\u00e9e des maltraitants\u00bb, accuse-t-elle. \u00abO\u00f9 j&rsquo;ai le temps de maltraiter quelqu&rsquo;un au point de l&rsquo;envoyer\u00bb en h\u00f4pital psychiatrique, a balay\u00e9 mardi soir l&rsquo;int\u00e9ress\u00e9, accusant Raquel Garrido de \u00abdire n&rsquo;importe quoi\u00bb.<\/p>\n","protected":false},"excerpt":{"rendered":"Ce livre, fruit d\u2019un travail de deux ans au cours duquel 200 personnes ont \u00e9t\u00e9 interrog\u00e9es, d\u00e9crit une&hellip;\n","protected":false},"author":2,"featured_media":99023,"comment_status":"","ping_status":"","sticky":false,"template":"","format":"standard","meta":{"footnotes":""},"categories":[2],"tags":[47,1058,1054,1059,1060,1055,11,1057,118,1011,27,1061,3081,303,780,2003,12,1062,25,656,104,1056,809],"class_list":{"0":"post-99022","1":"post","2":"type-post","3":"status-publish","4":"format-standard","5":"has-post-thumbnail","7":"category-actualites","8":"tag-actualite","9":"tag-actualite-education","10":"tag-actualite-france","11":"tag-actualite-justice","12":"tag-actualite-securite","13":"tag-actualite-societe","14":"tag-actualites","15":"tag-education","16":"tag-faits-divers","17":"tag-fr","18":"tag-france","19":"tag-immigration","20":"tag-jean-luc-melenchon","21":"tag-justice","22":"tag-lfi","23":"tag-livre","24":"tag-news","25":"tag-polemique","26":"tag-republique-francaise","27":"tag-securite","28":"tag-societe","29":"tag-societe-francaise","30":"tag-violence"},"share_on_mastodon":{"url":"https:\/\/pubeurope.com\/@fr\/114505510040707111","error":""},"_links":{"self":[{"href":"https:\/\/www.europesays.com\/fr\/wp-json\/wp\/v2\/posts\/99022","targetHints":{"allow":["GET"]}}],"collection":[{"href":"https:\/\/www.europesays.com\/fr\/wp-json\/wp\/v2\/posts"}],"about":[{"href":"https:\/\/www.europesays.com\/fr\/wp-json\/wp\/v2\/types\/post"}],"author":[{"embeddable":true,"href":"https:\/\/www.europesays.com\/fr\/wp-json\/wp\/v2\/users\/2"}],"replies":[{"embeddable":true,"href":"https:\/\/www.europesays.com\/fr\/wp-json\/wp\/v2\/comments?post=99022"}],"version-history":[{"count":0,"href":"https:\/\/www.europesays.com\/fr\/wp-json\/wp\/v2\/posts\/99022\/revisions"}],"wp:featuredmedia":[{"embeddable":true,"href":"https:\/\/www.europesays.com\/fr\/wp-json\/wp\/v2\/media\/99023"}],"wp:attachment":[{"href":"https:\/\/www.europesays.com\/fr\/wp-json\/wp\/v2\/media?parent=99022"}],"wp:term":[{"taxonomy":"category","embeddable":true,"href":"https:\/\/www.europesays.com\/fr\/wp-json\/wp\/v2\/categories?post=99022"},{"taxonomy":"post_tag","embeddable":true,"href":"https:\/\/www.europesays.com\/fr\/wp-json\/wp\/v2\/tags?post=99022"}],"curies":[{"name":"wp","href":"https:\/\/api.w.org\/{rel}","templated":true}]}}