{"id":990351,"date":"2026-06-10T09:05:30","date_gmt":"2026-06-10T09:05:30","guid":{"rendered":"https:\/\/www.europesays.com\/fr\/990351\/"},"modified":"2026-06-10T09:05:30","modified_gmt":"2026-06-10T09:05:30","slug":"video-choc-a-montpellier-sa-peugeot-307-finit-contre-le-panneau-dun-auchan-apres-une-spectaculaire-course-poursuite","status":"publish","type":"post","link":"https:\/\/www.europesays.com\/fr\/990351\/","title":{"rendered":"Vid\u00e9o choc \u00e0 Montpellier : sa Peugeot 307 finit contre le panneau d\u2019un Auchan apr\u00e8s une spectaculaire course-poursuite"},"content":{"rendered":"<p><strong class=\"post-excerpt\"\/><\/p>\n<p itemprop=\"description\"><strong class=\"post-excerpt\">Jeudi 4 juin<br \/>\n\u00e0 Montpellier, un conducteur de 31 ans refuse d\u2019obtemp\u00e9rer et<br \/>\nentra\u00eene la police municipale dans une course-poursuite jusqu\u2019\u00e0<br \/>\nl\u2019Auchan Celleneuve. Entre crash, fuite dans la galerie marchande<br \/>\net enqu\u00eate, les faits interrogent sur les risques<br \/>\npris.<\/strong><\/p>\n<p>Sc\u00e8ne de tension en plein apr\u00e8s-midi, au milieu des voitures et<br \/>\ndes chariots de courses. Jeudi 4 juin 2026, vers 16 h, une<br \/>\n<strong>course-poursuite spectaculaire \u00e0 Montpellier<\/strong> a<br \/>\nmen\u00e9 la police municipale des abords du secteur Philippid\u00e8s<br \/>\njusqu\u2019au <strong>parking d\u2019un hypermarch\u00e9<\/strong>.<\/p>\n<p>Au centre de ce fait divers, un automobiliste de <strong>31<br \/>\nans<\/strong>, au volant d\u2019une <strong>Peugeot 307<\/strong>, qui a<br \/>\nrefus\u00e9 de s\u2019arr\u00eater malgr\u00e9 les injonctions. La sc\u00e8ne, film\u00e9e en<br \/>\npartie dans une <strong>vid\u00e9o de 37 secondes<\/strong>, se termine<br \/>\ndans l\u2019enceinte de l\u2019<strong>hypermarch\u00e9 Auchan<br \/>\nCelleneuve<\/strong>, devant des clients m\u00e9dus\u00e9s.<\/p>\n<p>Une course-poursuite urbaine jusqu\u2019au parking de l\u2019Auchan<br \/>\nCelleneuve<\/p>\n<p>Tout d\u00e9marre dans le secteur de l\u2019<strong>avenue Charles<br \/>\nFlahault<\/strong>, pr\u00e8s du <strong>stade Philippid\u00e8s<\/strong>, \u00e0<br \/>\nMontpellier. Une patrouille de <strong>police municipale<\/strong><br \/>\ncircule lorsqu\u2019une <a href=\"https:\/\/www.autojournal.fr\/peugeot\/cette-peugeot-307-sw-depasse-le-million-de-kilometres-287404.html\" rel=\"nofollow noopener\" target=\"_blank\"><br \/>\nPeugeot 307<\/a> la double\u2026 sur une piste cyclable. Les agents<br \/>\nenclenchent alors gyrophare et sir\u00e8ne pour proc\u00e9der \u00e0 un contr\u00f4le,<br \/>\nmais le <strong>conducteur refuse d\u2019obtemp\u00e9rer<\/strong> et prend la<br \/>\nfuite en direction du quartier de <strong>Celleneuve<\/strong>.<\/p>\n<p>Sur ce trajet tr\u00e8s fr\u00e9quent\u00e9, le <a href=\"https:\/\/www.autojournal.fr\/actu\/insolites-actu\/rn88-haute-loire-pneu-perdu-twingo-percutee-fuyard-introuvable-407986.html\" rel=\"nofollow noopener\" target=\"_blank\"><br \/>\nfuyard<\/a> <strong>grille plusieurs feux rouges<\/strong> et percute<br \/>\nplusieurs v\u00e9hicules, en stationnement comme en circulation, selon<br \/>\nles premiers \u00e9l\u00e9ments relay\u00e9s par la presse locale. Les d\u00e9g\u00e2ts<br \/>\nmat\u00e9riels sont importants, sur les voitures touch\u00e9es comme sur le<br \/>\nmobilier urbain. <strong>Aucun pi\u00e9ton n\u2019a \u00e9t\u00e9 renvers\u00e9<\/strong>, ce<br \/>\nqui, au vu du cr\u00e9neau horaire et de la densit\u00e9 du trafic autour des<br \/>\ncommerces, aurait pu tourner au drame. Les articles locaux ne<br \/>\nmentionnent pas de bless\u00e9s parmi les conducteurs impliqu\u00e9s. Aucune<br \/>\npr\u00e9cision n&rsquo;est donn\u00e9e \u00e0 ce sujet.<\/p>\n<blockquote class=\"twitter-tweet\"><p><a class=\"twitter-link\" rel=\"noindex, nofollow noopener\" href=\"https:\/\/twitter.com\/myMetropolitain\/status\/2063639237925261562\" target=\"_blank\"><\/p><\/blockquote>\n<p>Vid\u00e9o, sang-froid des policiers et sanctions apr\u00e8s ce refus<br \/>\nd\u2019obtemp\u00e9rer<\/p>\n<p>La cavale se termine \u00e0 hauteur de la <strong>station-service<br \/>\nTotal<\/strong> attenante \u00e0 l\u2019<strong>Auchan Celleneuve<\/strong>. La<br \/>\nPeugeot 307 vient percuter le panneau d\u2019affichage des prix des<br \/>\ncarburants, sur le parking de l\u2019hypermarch\u00e9. Le conducteur<br \/>\nabandonne alors son v\u00e9hicule endommag\u00e9 et <strong>s\u2019enfuit en<br \/>\ncourant<\/strong>, traverse le parking puis p\u00e9n\u00e8tre dans la<br \/>\n<strong>galerie marchande<\/strong>, poursuivi par les policiers<br \/>\nmunicipaux, bient\u00f4t rejoints par la police nationale.<br \/>\nL\u2019interpellation a lieu \u00e0 l\u2019int\u00e9rieur m\u00eame du centre commercial,<br \/>\nsous les yeux des clients, du personnel et des agents de s\u00e9curit\u00e9.<br \/>\nUne courte s\u00e9quence film\u00e9e, d\u2019une dur\u00e9e de 37 secondes, montre la<br \/>\nfin de l\u2019intervention et met en \u00e9vidence le sang-froid et le<br \/>\nprofessionnalisme des policiers, qui parviennent \u00e0<br \/>\n<strong>neutraliser l\u2019automobiliste sans incident<\/strong> malgr\u00e9<br \/>\nl\u2019environnement tr\u00e8s expos\u00e9.<\/p>\n<p>L\u2019homme, \u00e2g\u00e9 de 31 ans, a \u00e9t\u00e9 <strong>plac\u00e9 en garde \u00e0<br \/>\nvue<\/strong>. Selon les \u00e9l\u00e9ments rapport\u00e9s, il n\u2019a pas su expliquer<br \/>\naux enqu\u00eateurs pourquoi il avait pris autant de risques, alors que<br \/>\nsa voiture n\u2019\u00e9tait pas vol\u00e9e, que ses papiers \u00e9taient en r\u00e8gle et<br \/>\nqu\u2019aucune trace d\u2019alcool ni de stup\u00e9fiants n\u2019a \u00e9t\u00e9 relev\u00e9e. Les<br \/>\nfaits s\u2019inscrivent dans le cadre du d\u00e9lit de <a href=\"https:\/\/www.autojournal.fr\/actu\/insolites-actu\/jeune-conducteur-19-ans-refus-obtemperer-415173.html\" rel=\"nofollow noopener\" target=\"_blank\"><br \/>\nrefus d\u2019obtemp\u00e9rer<\/a>, auquel s\u2019ajoutent des <strong>d\u00e9gradations<br \/>\nde v\u00e9hicules<\/strong> et de biens publics. Pour un refus<br \/>\nd\u2019obtemp\u00e9rer simple, le Code de la route pr\u00e9voit jusqu\u2019\u00e0 <strong>2<br \/>\nans d\u2019emprisonnement et 15 000 \u20ac d\u2019amende<\/strong>, avec, parmi les<br \/>\npeines compl\u00e9mentaires possibles, une <strong>suspension voire une<br \/>\nannulation du permis de conduire<\/strong> pouvant aller jusqu\u2019\u00e0<br \/>\nplusieurs ann\u00e9es.<\/p>\n<p><script async src=\"https:\/\/platform.twitter.com\/widgets.js\" charset=\"utf-8\"><\/script><\/p>\n","protected":false},"excerpt":{"rendered":"Jeudi 4 juin \u00e0 Montpellier, un conducteur de 31 ans refuse d\u2019obtemp\u00e9rer et entra\u00eene la police municipale dans&hellip;\n","protected":false},"author":2,"featured_media":990352,"comment_status":"","ping_status":"","sticky":false,"template":"","format":"standard","meta":{"footnotes":"","_share_on_mastodon":"0"},"categories":[9599],"tags":[930,104017,13041,1111,11,150,14474,2918,1444,6466,2837,1777,674,8928,1011,27,2208,12,2680,104018,7526,33645,25,10649,35018,96,133],"class_list":["post-990351","post","type-post","status-publish","format-standard","has-post-thumbnail","category-montpellier","tag-le","tag-104017","tag-a","tag-actu","tag-actualites","tag-apres","tag-auchan","tag-choc","tag-contre","tag-course","tag-dun","tag-eu","tag-europe","tag-finit","tag-fr","tag-france","tag-montpellier","tag-news","tag-occitanie","tag-panneau","tag-peugeot","tag-poursuite","tag-republique-francaise","tag-sa","tag-spectaculaire","tag-une","tag-video"],"share_on_mastodon":{"url":"https:\/\/pubeurope.com\/@fr\/116725018159070063","error":""},"_links":{"self":[{"href":"https:\/\/www.europesays.com\/fr\/wp-json\/wp\/v2\/posts\/990351","targetHints":{"allow":["GET"]}}],"collection":[{"href":"https:\/\/www.europesays.com\/fr\/wp-json\/wp\/v2\/posts"}],"about":[{"href":"https:\/\/www.europesays.com\/fr\/wp-json\/wp\/v2\/types\/post"}],"author":[{"embeddable":true,"href":"https:\/\/www.europesays.com\/fr\/wp-json\/wp\/v2\/users\/2"}],"replies":[{"embeddable":true,"href":"https:\/\/www.europesays.com\/fr\/wp-json\/wp\/v2\/comments?post=990351"}],"version-history":[{"count":0,"href":"https:\/\/www.europesays.com\/fr\/wp-json\/wp\/v2\/posts\/990351\/revisions"}],"wp:featuredmedia":[{"embeddable":true,"href":"https:\/\/www.europesays.com\/fr\/wp-json\/wp\/v2\/media\/990352"}],"wp:attachment":[{"href":"https:\/\/www.europesays.com\/fr\/wp-json\/wp\/v2\/media?parent=990351"}],"wp:term":[{"taxonomy":"category","embeddable":true,"href":"https:\/\/www.europesays.com\/fr\/wp-json\/wp\/v2\/categories?post=990351"},{"taxonomy":"post_tag","embeddable":true,"href":"https:\/\/www.europesays.com\/fr\/wp-json\/wp\/v2\/tags?post=990351"}],"curies":[{"name":"wp","href":"https:\/\/api.w.org\/{rel}","templated":true}]}}