{"id":99039,"date":"2025-05-14T09:46:10","date_gmt":"2025-05-14T09:46:10","guid":{"rendered":"https:\/\/www.europesays.com\/fr\/99039\/"},"modified":"2025-05-14T09:46:10","modified_gmt":"2025-05-14T09:46:10","slug":"charlene-de-monaco-frappant-ce-detail-sur-la-princesse-qui-informe-de-son-etat-desprit","status":"publish","type":"post","link":"https:\/\/www.europesays.com\/fr\/99039\/","title":{"rendered":"Charlene de Monaco : \u201cfrappant !\u201d, ce d\u00e9tail sur la princesse qui informe de son \u00e9tat d\u2019esprit"},"content":{"rendered":"<p>La princesse de Monaco ne cesse de faire de nombreuses<br \/>\napparitions ces derni\u00e8res semaines. En effet, c\u2019est aux c\u00f4t\u00e9s<br \/>\nd\u2019Albert, son mari et <a href=\"https:\/\/www.closermag.fr\/royautes\/jacques-et-gabriella-de-monaco-grand-jour-pour-les-jumeaux-de-charlene-plus-maigre-que-jamais-3543706\" rel=\"nofollow noopener\" target=\"_blank\"><br \/>\nde ses deux enfants<\/a> que la belle princesse n\u2019h\u00e9site pas \u00e0 aller<br \/>\n\u00e0 la rencontre des Mon\u00e9gasques. Le 4 mai dernier, Charlene \u00e9tait<br \/>\npr\u00e9sente au Monaco E-Prix 2025. Elle a alors opt\u00e9 pour <strong>un<br \/>\nchemisier blanc et une jupe color\u00e9e.<\/strong><\/p>\n<p>Une tenue qu\u2019elle n\u2019a pas l\u2019habitude de porter, elle qui est<br \/>\nplut\u00f4t adepte des tailleurs ou encore des robes longues. Mais avec<br \/>\nle printemps, Charlene de Monaco ose la couleur. Un d\u00e9tail qui a<br \/>\nson importance !\u00a0 \u201cElle n\u2019a jamais \u00e9t\u00e9 aussi belle, c\u2019est<br \/>\nfrappant. <strong>Elle doit \u00eatre tr\u00e8s heureuse<\/strong>, c\u2019est<br \/>\ncertain\u201d, a lanc\u00e9 une femme dans la foule.\u00a0<\/p>\n<p><img itemprop=\"thumbnailUrl\" decoding=\"async\" loading=\"lazy\" class=\"aligncenter size-full wp-image-3544556 img-responsive\" src=\"https:\/\/www.europesays.com\/fr\/wp-content\/uploads\/2025\/05\/bestimage_00669827_000041-scaled.jpg\" alt=\"La Princesse Charl\u00e8ne de Monaco - Le prince Albert II de Monaco et la princesse Charlene ont donn\u00e9 le d\u00e9part de la derni\u00e8re \u00e9tape du Tour de France 2024, un contre la montre entre Monaco et Nice en compagnie de Christian Estrosi, le maire de Nice, sa femme, Laura Tenoudji et Christian Prudhomme, le directeur du Tour de France, le 21 juillet 2024. Ce Tour est remport\u00e9 pour la troisi\u00e8me fois par le Slov\u00e8ne Tadej Poga\u010dar, UAE Team Emirates avec une sixi\u00e8me victoire d'\u00e9tape, en s'imposant au contre-la-montre final. \u00a9 Claudia Albuquerque\/Bestimage\" width=\"1725\" height=\"2560\"\/> \u00a9 Bestimage<\/p>\n<p>Charlene de Monaco, plus resplendissante que jamais, se montre<br \/>\nsous son plus beau jour<\/p>\n<p>Ce mardi 13 mai 2025, nos confr\u00e8res du Point ont aussi<br \/>\nindiqu\u00e9 qu\u2019une fois la remise des prix r\u00e9alis\u00e9e, la <a href=\"https:\/\/www.closermag.fr\/royautes\/pensive-isolee-la-derniere-apparition-de-charlene-de-monaco-n-apaise-pas-les-inquietudes-1564719\" rel=\"nofollow noopener\" target=\"_blank\"><br \/>\nprincesse Charlene<\/a> avait pris ses cliques et ses claques et<br \/>\n\u00e9tait partie : \u201cla princesse s\u2019\u00e9clipse sit\u00f4t commenc\u00e9e la<br \/>\ntraditionnelle douche au champagne des vainqueurs\u201d.<\/p>\n<p>Mais une chose est s\u00fbre, <a href=\"https:\/\/www.closermag.fr\/royautes\/charlene-et-albert-de-monaco-premiere-pour-jacques-et-gabriella-le-prince-en-a-presque-la-larme-a-loeil-3538254\" rel=\"nofollow noopener\" target=\"_blank\"><br \/>\nCharlene de Monaco<\/a> est resplendissante ! En avril dernier,<br \/>\nc\u2019est en famille que Charlene de Monaco et son mari ont accueilli<br \/>\nles souverains de Malte. Un moment tr\u00e8s important pour toute la<br \/>\nfamille princi\u00e8re. Le prince Albert II a re\u00e7u la croix de chevalier<br \/>\nprof\u00e8s de l\u2019ordre de Malte.<\/p>\n<p>Le prince Albert re\u00e7oit une d\u00e9l\u00e9gation<br \/>\nde Malte sur le Rocher<\/p>\n<p>Dans la cour d\u2019honneur du palais de Monaco, le prince de Malte<br \/>\nest alors arriv\u00e9 en grandes pompes. <strong>\u201cCette visite s\u2019est<br \/>\ntenue dans un climat particulier\u201d,<\/strong> pr\u00e9cise le Palais<br \/>\ndans son communiqu\u00e9. \u201cLe Prince a exprim\u00e9, au nom de la<br \/>\nPrincipaut\u00e9, son \u00e9motion et sa profonde tristesse face \u00e0 la<br \/>\ndisparition du Saint-P\u00e8re. Il a salu\u00e9 la m\u00e9moire d\u2019un homme de foi,<br \/>\nde dialogue et de paix, dont l\u2019action a marqu\u00e9 durablement l\u2019\u00c9glise<br \/>\net la communaut\u00e9 internationale\u201d.<\/p>\n<p>Un \u00e9v\u00e9nement tr\u00e8s important pour tout le Rocher qui peut ainsi<br \/>\nmontrer au monde entier son influence. Une fois de plus, le prince<br \/>\nAlbert, tr\u00e8s \u00e9l\u00e9gant, s\u2019est montr\u00e9 digne et tr\u00e8s accueillant envers<br \/>\ncette d\u00e9l\u00e9gation de Malte.<\/p>\n","protected":false},"excerpt":{"rendered":"La princesse de Monaco ne cesse de faire de nombreuses apparitions ces derni\u00e8res semaines. En effet, c\u2019est aux&hellip;\n","protected":false},"author":2,"featured_media":99040,"comment_status":"","ping_status":"","sticky":false,"template":"","format":"standard","meta":{"footnotes":""},"categories":[1359],"tags":[548,10675,58,59,1011,27,973],"class_list":{"0":"post-99039","1":"post","2":"type-post","3":"status-publish","4":"format-standard","5":"has-post-thumbnail","7":"category-people","8":"tag-article-simple","9":"tag-charlene-de-monaco","10":"tag-divertissement","11":"tag-entertainment","12":"tag-fr","13":"tag-france","14":"tag-people"},"share_on_mastodon":{"url":"https:\/\/pubeurope.com\/@fr\/114505553250932413","error":""},"_links":{"self":[{"href":"https:\/\/www.europesays.com\/fr\/wp-json\/wp\/v2\/posts\/99039","targetHints":{"allow":["GET"]}}],"collection":[{"href":"https:\/\/www.europesays.com\/fr\/wp-json\/wp\/v2\/posts"}],"about":[{"href":"https:\/\/www.europesays.com\/fr\/wp-json\/wp\/v2\/types\/post"}],"author":[{"embeddable":true,"href":"https:\/\/www.europesays.com\/fr\/wp-json\/wp\/v2\/users\/2"}],"replies":[{"embeddable":true,"href":"https:\/\/www.europesays.com\/fr\/wp-json\/wp\/v2\/comments?post=99039"}],"version-history":[{"count":0,"href":"https:\/\/www.europesays.com\/fr\/wp-json\/wp\/v2\/posts\/99039\/revisions"}],"wp:featuredmedia":[{"embeddable":true,"href":"https:\/\/www.europesays.com\/fr\/wp-json\/wp\/v2\/media\/99040"}],"wp:attachment":[{"href":"https:\/\/www.europesays.com\/fr\/wp-json\/wp\/v2\/media?parent=99039"}],"wp:term":[{"taxonomy":"category","embeddable":true,"href":"https:\/\/www.europesays.com\/fr\/wp-json\/wp\/v2\/categories?post=99039"},{"taxonomy":"post_tag","embeddable":true,"href":"https:\/\/www.europesays.com\/fr\/wp-json\/wp\/v2\/tags?post=99039"}],"curies":[{"name":"wp","href":"https:\/\/api.w.org\/{rel}","templated":true}]}}