{"id":99058,"date":"2025-05-14T09:57:09","date_gmt":"2025-05-14T09:57:09","guid":{"rendered":"https:\/\/www.europesays.com\/fr\/99058\/"},"modified":"2025-05-14T09:57:09","modified_gmt":"2025-05-14T09:57:09","slug":"une-jeune-influenceuse-sur-tiktok-assassinee","status":"publish","type":"post","link":"https:\/\/www.europesays.com\/fr\/99058\/","title":{"rendered":"une jeune influenceuse sur TikTok assassin\u00e9e"},"content":{"rendered":"<p>Valeria Marquez se trouvait dans son salon de beaut\u00e9 \u00ablorsqu\u2019un homme est entr\u00e9 et, apparemment, a tir\u00e9 plusieurs fois sur elle avec une arme \u00e0 feu, la tuant\u00bb, a pr\u00e9cis\u00e9 le parquet de l\u2019\u00c9tat de Jalisco dans le communiqu\u00e9.<\/p>\n<p class=\"fig-paragraph\">Une jeune influenceuse mexicaine qui comptait plus de 95.000 abonn\u00e9s sur le\u00a0<a href=\"http:\/\/www.lefigaro.fr\/flash-eco\/tiktok-va-investir-1-milliard-d-euros-en-finlande-pour-y-construire-un-centre-de-donnees-20250506\" target=\"_blank\" data-fig-type=\"NewsFlash\" rel=\"noopener\" data-gtm-custom-categorie=\"navigation\" data-gtm-custom-action=\"crossclick\" data-gtm-custom-label=\"Contextuel\" data-gtm-event=\"customEventSPE\" data-fig-domain=\"LEFIGARO\">r\u00e9seau social TikTok<\/a>\u00a0a \u00e9t\u00e9 tu\u00e9e par balles mardi dans\u00a0<a href=\"https:\/\/www.lefigaro.fr\/international\/au-mexique-l-actualite-violente-de-l-etat-de-jalisco-20230716\" target=\"_blank\" data-fig-type=\"Article\" rel=\"noopener\" data-gtm-custom-categorie=\"navigation\" data-gtm-custom-action=\"crossclick\" data-gtm-custom-label=\"Contextuel\" data-gtm-event=\"customEventSPE\" data-fig-domain=\"LEFIGARO\">l&rsquo;\u00c9tat de Jalisco<\/a>, dans l&rsquo;ouest du Mexique, a annonc\u00e9 le parquet. Valeria Marquez, \u00e2g\u00e9e de 23 ans, publiait des vid\u00e9os sur la beaut\u00e9 et les styles de vie, dont certaines ont \u00e9t\u00e9 vues pr\u00e8s de 800.000 fois. \u00abLa victime \u00e9tait active et influente sur les r\u00e9seaux sociaux\u00bb, a d\u00e9clar\u00e9 le parquet de l&rsquo;\u00c9tat dans un communiqu\u00e9.<\/p>\n<p class=\"fig-paragraph\">Le crime a eu lieu aux alentours de 18h30 dans un salon de beaut\u00e9 dont Valeria Marquez \u00e9tait propri\u00e9taire, \u00e0 Zapopan, une banlieue de Guadalajara, la capitale de l&rsquo;\u00c9tat de Jalisco. \u00abD&rsquo;apr\u00e8s les premiers \u00e9l\u00e9ments de l&rsquo;enqu\u00eate, elle se trouvait dans son \u00e9tablissement lorsqu&rsquo;un homme est entr\u00e9 et, apparemment, a tir\u00e9 plusieurs fois sur elle avec une arme \u00e0 feu, la tuant\u00bb, a pr\u00e9cis\u00e9 le parquet dans le communiqu\u00e9.<\/p>\n<p class=\"fig-paragraph\">Des agents de la police municipale se sont rendus sur les lieux apr\u00e8s avoir re\u00e7u un appel sur une ligne d&rsquo;urgence et ont confirm\u00e9 la mort de la jeune femme, a ajout\u00e9 le parquet. La\u00a0<a href=\"http:\/\/www.lefigaro.fr\/politique\/lutte-contre-les-violences-faites-aux-femmes-de-deputee-a-ministre-la-continuite-d-engagements-d-aurore-berge-20250128\" target=\"_blank\" data-fig-type=\"Article\" rel=\"noopener\" data-gtm-custom-categorie=\"navigation\" data-gtm-custom-action=\"crossclick\" data-gtm-custom-label=\"Contextuel\" data-gtm-event=\"customEventSPE\" data-fig-domain=\"LEFIGARO\">violence contre les femmes<\/a>\u00a0est \u00e9lev\u00e9e au Mexique, o\u00f9 70% des femmes de plus de 15 ans ont subi une forme d&rsquo;agression au moins une fois dans leur vie, selon l&rsquo;ONU. Si l&rsquo;on additionne les f\u00e9minicides et les homicides volontaires, le pays d\u00e9plore chaque jour dix assassinats de filles et de femmes.<\/p>\n","protected":false},"excerpt":{"rendered":"Valeria Marquez se trouvait dans son salon de beaut\u00e9 \u00ablorsqu\u2019un homme est entr\u00e9 et, apparemment, a tir\u00e9 plusieurs&hellip;\n","protected":false},"author":2,"featured_media":99059,"comment_status":"","ping_status":"","sticky":false,"template":"","format":"standard","meta":{"footnotes":""},"categories":[5],"tags":[259,11,260,6744,1011,27,14,5697,261,12,262,2439,28],"class_list":{"0":"post-99058","1":"post","2":"type-post","3":"status-publish","4":"format-standard","5":"has-post-thumbnail","7":"category-international","8":"tag-actualite-internationale","9":"tag-actualites","10":"tag-affaires-etrangeres","11":"tag-assassinat","12":"tag-fr","13":"tag-france","14":"tag-international","15":"tag-mexique","16":"tag-ministere-des-affaires-etrangeres","17":"tag-news","18":"tag-politique-etrangere","19":"tag-tiktok","20":"tag-world"},"share_on_mastodon":{"url":"https:\/\/pubeurope.com\/@fr\/114505596490770660","error":""},"_links":{"self":[{"href":"https:\/\/www.europesays.com\/fr\/wp-json\/wp\/v2\/posts\/99058","targetHints":{"allow":["GET"]}}],"collection":[{"href":"https:\/\/www.europesays.com\/fr\/wp-json\/wp\/v2\/posts"}],"about":[{"href":"https:\/\/www.europesays.com\/fr\/wp-json\/wp\/v2\/types\/post"}],"author":[{"embeddable":true,"href":"https:\/\/www.europesays.com\/fr\/wp-json\/wp\/v2\/users\/2"}],"replies":[{"embeddable":true,"href":"https:\/\/www.europesays.com\/fr\/wp-json\/wp\/v2\/comments?post=99058"}],"version-history":[{"count":0,"href":"https:\/\/www.europesays.com\/fr\/wp-json\/wp\/v2\/posts\/99058\/revisions"}],"wp:featuredmedia":[{"embeddable":true,"href":"https:\/\/www.europesays.com\/fr\/wp-json\/wp\/v2\/media\/99059"}],"wp:attachment":[{"href":"https:\/\/www.europesays.com\/fr\/wp-json\/wp\/v2\/media?parent=99058"}],"wp:term":[{"taxonomy":"category","embeddable":true,"href":"https:\/\/www.europesays.com\/fr\/wp-json\/wp\/v2\/categories?post=99058"},{"taxonomy":"post_tag","embeddable":true,"href":"https:\/\/www.europesays.com\/fr\/wp-json\/wp\/v2\/tags?post=99058"}],"curies":[{"name":"wp","href":"https:\/\/api.w.org\/{rel}","templated":true}]}}