{"id":99060,"date":"2025-05-14T09:58:08","date_gmt":"2025-05-14T09:58:08","guid":{"rendered":"https:\/\/www.europesays.com\/fr\/99060\/"},"modified":"2025-05-14T09:58:08","modified_gmt":"2025-05-14T09:58:08","slug":"a-nantes-une-dizaine-de-coups-de-couteau-pour-avoir-refuse-de-donner-son-telephone","status":"publish","type":"post","link":"https:\/\/www.europesays.com\/fr\/99060\/","title":{"rendered":"\u00e0 Nantes, une dizaine de coups de couteau pour avoir refus\u00e9 de donner son t\u00e9l\u00e9phone"},"content":{"rendered":"<p><strong>T\u00c9MOIGNAGE &#8211; <\/strong>Pour se d\u00e9barrasser de son agresseur, l\u2019\u00e9tudiant qui a re\u00e7u plusieurs coups de couteau a remis au voleur 480 euros, une somme initialement destin\u00e9e \u00e0 payer son loyer.<\/p>\n<p class=\"fig-paragraph\">Depuis l\u2019apparition de ses probl\u00e8mes de sant\u00e9, ce jeune homme ne sortait presque plus la nuit. Sa vir\u00e9e nocturne du mardi 6 mai, pour aller faire des courses alimentaires, relevait de l\u2019exceptionnel. C\u2019est malheureusement ce soir-l\u00e0, vers 22h30, que son p\u00e9riple a pris une tournure dramatique. Descendant du bus \u00e0 l\u2019arr\u00eat\u00a0<a href=\"http:\/\/www.lefigaro.fr\/nantes\/nantes-du-mobilier-liturgique-vole-dans-la-basilique-saint-nicolas-un-homme-arrete-20250505\" target=\"_blank\" data-fig-type=\"NewsFlash\" rel=\"noopener\" data-gtm-custom-categorie=\"navigation\" data-gtm-custom-action=\"crossclick\" data-gtm-custom-label=\"Contextuel\" data-gtm-event=\"customEventSPE\" data-fig-domain=\"LEFIGARO\">Saint-Nicolas<\/a>, dans le centre-ville de\u00a0<a href=\"http:\/\/www.lefigaro.fr\/nantes\/a-nantes-les-commercants-en-grande-difficulte-face-aux-nombreux-travaux-du-centre-ville-20250217\" target=\"_blank\" data-fig-type=\"NewsFlash\" rel=\"noopener\" data-gtm-custom-categorie=\"navigation\" data-gtm-custom-action=\"crossclick\" data-gtm-custom-label=\"Contextuel\" data-gtm-event=\"customEventSPE\" data-fig-domain=\"LEFIGARO\">Nantes<\/a>, l\u2019\u00e9tudiant raconte s\u2019\u00eatre fait poignarder une dizaine de fois. Bilan\u00a0: sept plaies, heureusement pas trop profondes. \u00abAux\u00a0<a href=\"http:\/\/www.lefigaro.fr\/nantes\/loire-atlantique-la-regulation-des-urgences-de-nuit-des-centres-hospitaliers-ne-cesse-de-se-prolonger-20250415\" target=\"_blank\" data-fig-type=\"NewsFlash\" rel=\"noopener\" data-gtm-custom-categorie=\"navigation\" data-gtm-custom-action=\"crossclick\" data-gtm-custom-label=\"Contextuel\" data-gtm-event=\"customEventSPE\" data-fig-domain=\"LEFIGARO\">urgences<\/a> , on m\u2019a dit que si je n\u2019avais pas mes trois \u00e9paisseurs, une veste, un pull et un tee-shirt, j\u2019aurais eu beaucoup moins de chance\u00bb, t\u00e9moigne anonymement aupr\u00e8s du Figaro l\u2019int\u00e9ress\u00e9, encore anxieux.<\/p>\n<p class=\"fig-paragraph\">C\u2019est au niveau d\u2019une petite ruelle, sur son chemin le menant au supermarch\u00e9, qu\u2019il se fait accoster par \u00abun homme entre 27 et 35 ans, de type maghr\u00e9bin, avec la peau tr\u00e8s mate\u00bb, selon la description livr\u00e9e aux policiers. Cet individu lui a demand\u00e9 une cigarette. L\u2019\u00e9tudiant en restauration, anciennement\u2026<\/p>\n<p class=\"fig-premium-paywall__infos\">\n        Cet article est r\u00e9serv\u00e9 aux abonn\u00e9s.        Il vous reste 74% \u00e0 d\u00e9couvrir.\n    <\/p>\n<p>                <img  data- alt=\"Le Figaro\" class=\"fig-img--complete fig-img\"\/><\/p>\n<p class=\"fig-premium-paywall__title\">Je m&rsquo;informe, je m&rsquo;inspire, je m&rsquo;abonne.<\/p>\n<p class=\"fig-premium-paywall__subtitle\">D\u00e9couvrez notre offre de bienvenue.<\/p>\n<p class=\"fig-premium-paywall__connect\">\n                D\u00e9j\u00e0 abonn\u00e9\u00a0?                <a class=\"fig-premium-paywall__connect-link\" href=\"https:\/\/connect.lefigaro.fr\/login?client=horizon_web&amp;type=main&amp;redirect_uri=https%3A%2F%2Fwww.lefigaro.fr%2Fnantes%2Fface-a-une-lame-on-n-est-rien-a-nantes-7-coups-de-couteau-pour-avoir-refuse-de-donner-son-telephone-20250514\" data-js-gtm=\"{&quot;customCategorie&quot;: &quot;conversion&quot;, &quot;customAction&quot;: &quot;before_Landing_Connexion_paywall_auto&quot;, &quot;customLabel&quot;: &quot;bGVmaWdhcm8uZnJfXzFmMDJmZTE1LTYwOGItNjFmNi04NjE5LWYzNjgyMjhiNDI2NV9fTmV3c0ZsYXNo_\u00abFace \u00e0 une lame, on n\u2019est rien\u00bb\u00a0: \u00e0 Nantes, une dizaine de coups de couteau pour avoir refus\u00e9 de donner son t\u00e9l\u00e9phone_297&quot;, &quot;customIDSPE&quot;: &quot;bGVmaWdhcm8uZnJfXzFmMDJmZTE1LTYwOGItNjFmNi04NjE5LWYzNjgyMjhiNDI2NV9fTmV3c0ZsYXNo&quot;, &quot;event&quot;: &quot;customEventSPE&quot;}\" target=\"_blank\" rel=\"noopener\"><br \/>\n                    Connectez-vous<br \/>\n                <\/a>\n            <\/p>\n","protected":false},"excerpt":{"rendered":"T\u00c9MOIGNAGE &#8211; Pour se d\u00e9barrasser de son agresseur, l\u2019\u00e9tudiant qui a re\u00e7u plusieurs coups de couteau a remis&hellip;\n","protected":false},"author":2,"featured_media":99061,"comment_status":"","ping_status":"","sticky":false,"template":"","format":"standard","meta":{"footnotes":""},"categories":[4],"tags":[11,1120,5264,462,1011,27,2640,2642,766,2638,2643,2637,2639,2646,2645,2641,2635,2644,2647,12,2636,25],"class_list":{"0":"post-99060","1":"post","2":"type-post","3":"status-publish","4":"format-standard","5":"has-post-thumbnail","7":"category-france","8":"tag-actualites","9":"tag-agression","10":"tag-couteau","11":"tag-fc-nantes","12":"tag-fr","13":"tag-france","14":"tag-hauts-paves-saint-felix","15":"tag-ile-de-nantes","16":"tag-nantes","17":"tag-nantes-bellevue-chantenay-sainte-anne","18":"tag-nantes-breil-barberie","19":"tag-nantes-centre-ville","20":"tag-nantes-dervallieres-zola","21":"tag-nantes-doulon-bottiere","22":"tag-nantes-erdre","23":"tag-nantes-malakoff-saint-donatien","24":"tag-nantes-metropole","25":"tag-nantes-nord","26":"tag-nantes-sud","27":"tag-news","28":"tag-pays-de-la-loire","29":"tag-republique-francaise"},"share_on_mastodon":{"url":"https:\/\/pubeurope.com\/@fr\/114505600449201818","error":""},"_links":{"self":[{"href":"https:\/\/www.europesays.com\/fr\/wp-json\/wp\/v2\/posts\/99060","targetHints":{"allow":["GET"]}}],"collection":[{"href":"https:\/\/www.europesays.com\/fr\/wp-json\/wp\/v2\/posts"}],"about":[{"href":"https:\/\/www.europesays.com\/fr\/wp-json\/wp\/v2\/types\/post"}],"author":[{"embeddable":true,"href":"https:\/\/www.europesays.com\/fr\/wp-json\/wp\/v2\/users\/2"}],"replies":[{"embeddable":true,"href":"https:\/\/www.europesays.com\/fr\/wp-json\/wp\/v2\/comments?post=99060"}],"version-history":[{"count":0,"href":"https:\/\/www.europesays.com\/fr\/wp-json\/wp\/v2\/posts\/99060\/revisions"}],"wp:featuredmedia":[{"embeddable":true,"href":"https:\/\/www.europesays.com\/fr\/wp-json\/wp\/v2\/media\/99061"}],"wp:attachment":[{"href":"https:\/\/www.europesays.com\/fr\/wp-json\/wp\/v2\/media?parent=99060"}],"wp:term":[{"taxonomy":"category","embeddable":true,"href":"https:\/\/www.europesays.com\/fr\/wp-json\/wp\/v2\/categories?post=99060"},{"taxonomy":"post_tag","embeddable":true,"href":"https:\/\/www.europesays.com\/fr\/wp-json\/wp\/v2\/tags?post=99060"}],"curies":[{"name":"wp","href":"https:\/\/api.w.org\/{rel}","templated":true}]}}